{"id":37942,"date":"2023-03-13T15:09:40","date_gmt":"2023-03-13T21:09:40","guid":{"rendered":"https:\/\/encuentroinformativo.com.mx\/?p=37942"},"modified":"2023-03-13T15:09:44","modified_gmt":"2023-03-13T21:09:44","slug":"sin-fecha-para-nuevo-reglamento-de-transito","status":"publish","type":"post","link":"https:\/\/encuentroinformativo.com.mx\/?p=37942","title":{"rendered":"Sin fecha para nuevo Reglamento de Tr\u00e1nsito"},"content":{"rendered":"\n<p><strong>Dar\u00edo Pale <\/strong><\/p>\n\n\n\n<p>Xalapa, Ver.- Hab\u00eda prometido que en marzo habr\u00eda un nuevo reglamento de Tr\u00e1nsito, pero a\u00fan contin\u00faan sin fecha, actualmente tienen un conflicto por la portaci\u00f3n de armas de la Polic\u00eda Vial y los elementos de Tr\u00e1nsito, as\u00ed lo se\u00f1al\u00f3 el gobernador Cuitl\u00e1huac Garc\u00eda Jim\u00e9nez.<\/p>\n\n\n\n<p>En conferencia de prensa admiti\u00f3 que no hay fecha para la publicaci\u00f3n del nuevo reglamento de Tr\u00e1nsito que busca regular, entre otros, las tarifas de las empresas grueras.<\/p>\n\n\n\n<p>Acept\u00f3 que la publicaci\u00f3n del nuevo reglamento de Tr\u00e1nsito, reconoci\u00f3 que tienen problemas porque se tienen que poner bien de acuerdo en algunos temas como la portaci\u00f3n o no de armas de los elementos de Tr\u00e1nsito\u00a0<\/p>\n\n\n\n<p>&#8220;Seguimos batallando en los temas legales, pero lo vamos a sacar, forma parte de este combate a la corrupci\u00f3n que queremos hacer, por eso estamos dedicando detalles y evitar que se puedan amparar&#8221;, se\u00f1al\u00f3.<\/p>\n\n\n\n<p>Reconoci\u00f3 que hab\u00eda fijado como fecha para la emisi\u00f3n del mismo este mes de marzo, pero &#8220;siendo honestos, falta mucho por definir&#8221;.<\/p>\n\n\n\n<p>Revel\u00f3 que la propuesta como tal para un nuevo reglamento est\u00e1 concluida, pero pidi\u00f3 la opini\u00f3n a un ciudadano y el punto de vista que le dieron es que hay una doble funci\u00f3n de los elementos de la Polic\u00eda Vial.<\/p>\n\n\n\n<p>Por lo tanto, tienen que aclarar ese conflicto legal, toda vez que hay que homogeneizar salarios y funciones.<\/p>\n\n\n\n<p>&#8220;Hay que determinar qu\u00e9 se va a hacer con la Polic\u00eda Vial, tenemos el problema de qui\u00e9n s\u00ed puede portar armas y qui\u00e9n no, si un agente de Tr\u00e1nsito puede portar armas, qu\u00e9 tipo de armamento pudieran portar&#8221;, coment\u00f3.<\/p>\n\n\n\n<p>Adem\u00e1s de que no han resuelto el cobro de las multas con tarjetas electr\u00f3nicas en el punto de la infracci\u00f3n y con ello darle la oportunidad al ciudadano de pagar ah\u00ed mismo y evitar el arrastre.<\/p>\n\n\n\n<p>En otro orden de ideas, opin\u00f3 que ante los se\u00f1alamientos en contra del regidor de Morena del Cabildo de Veracruz, Sebasti\u00e1n Cano Rodr\u00edguez, la presunta v\u00edctima debe presentar las denuncias penales correspondientes.<\/p>\n\n\n\n<p>&#8220;Ojal\u00e1 se interponga la denuncia formal, hemos insistido en eso, para proceder legalmente en contra de alguien que comete un delito&#8221;, indic\u00f3.<\/p>\n\n\n\n<p>En relaci\u00f3n a supuestos desmayos de adultos mayores por hacer largas colas para poder cobrar su pensi\u00f3n en los bancos del Bienestar, record\u00f3 que es por orden alfab\u00e9tico de sus apellidos y no hacer tantas cosas.<\/p>\n\n\n\n<p>Finalmente record\u00f3 que existen 252 bancos que ya est\u00e1n en funcionamiento y hay cuatro m\u00e1s que se est\u00e1n construyendo.<\/p>\n","protected":false},"excerpt":{"rendered":"<p>Dar\u00edo Pale Xalapa, Ver.- Hab\u00eda prometido que en marzo habr\u00eda un nuevo reglamento de Tr\u00e1nsito, pero a\u00fan contin\u00faan sin fecha, actualmente tienen un conflicto por la portaci\u00f3n de armas de la Polic\u00eda Vial y los elementos de Tr\u00e1nsito, as\u00ed lo se\u00f1al\u00f3 el gobernador Cuitl\u00e1huac Garc\u00eda Jim\u00e9nez. En conferencia de prensa admiti\u00f3 que no hay fecha [&hellip;]<\/p>\n","protected":false},"author":2476,"featured_media":17364,"comment_status":"open","ping_status":"open","sticky":false,"template":"","format":"standard","meta":{"_jetpack_memberships_contains_paid_content":false,"footnotes":""},"categories":[2],"tags":[],"class_list":["post-37942","post","type-post","status-publish","format-standard","has-post-thumbnail","hentry","category-estado"],"jetpack_featured_media_url":"https:\/\/encuentroinformativo.com.mx\/wp-content\/uploads\/2021\/08\/637160FC-B319-49CB-919C-0FFF189AF7E0.jpeg","jetpack_sharing_enabled":true,"jetpack_likes_enabled":true,"amp_enabled":true,"_links":{"self":[{"href":"https:\/\/encuentroinformativo.com.mx\/index.php?rest_route=\/wp\/v2\/posts\/37942","targetHints":{"allow":["GET"]}}],"collection":[{"href":"https:\/\/encuentroinformativo.com.mx\/index.php?rest_route=\/wp\/v2\/posts"}],"about":[{"href":"https:\/\/encuentroinformativo.com.mx\/index.php?rest_route=\/wp\/v2\/types\/post"}],"author":[{"embeddable":true,"href":"https:\/\/encuentroinformativo.com.mx\/index.php?rest_route=\/wp\/v2\/users\/2476"}],"replies":[{"embeddable":true,"href":"https:\/\/encuentroinformativo.com.mx\/index.php?rest_route=%2Fwp%2Fv2%2Fcomments&post=37942"}],"version-history":[{"count":1,"href":"https:\/\/encuentroinformativo.com.mx\/index.php?rest_route=\/wp\/v2\/posts\/37942\/revisions"}],"predecessor-version":[{"id":37943,"href":"https:\/\/encuentroinformativo.com.mx\/index.php?rest_route=\/wp\/v2\/posts\/37942\/revisions\/37943"}],"wp:featuredmedia":[{"embeddable":true,"href":"https:\/\/encuentroinformativo.com.mx\/index.php?rest_route=\/wp\/v2\/media\/17364"}],"wp:attachment":[{"href":"https:\/\/encuentroinformativo.com.mx\/index.php?rest_route=%2Fwp%2Fv2%2Fmedia&parent=37942"}],"wp:term":[{"taxonomy":"category","embeddable":true,"href":"https:\/\/encuentroinformativo.com.mx\/index.php?rest_route=%2Fwp%2Fv2%2Fcategories&post=37942"},{"taxonomy":"post_tag","embeddable":true,"href":"https:\/\/encuentroinformativo.com.mx\/index.php?rest_route=%2Fwp%2Fv2%2Ftags&post=37942"}],"curies":[{"name":"wp","href":"https:\/\/api.w.org\/{rel}","templated":true}]}}