{"id":37948,"date":"2023-03-13T17:35:39","date_gmt":"2023-03-13T23:35:39","guid":{"rendered":"https:\/\/encuentroinformativo.com.mx\/?p=37948"},"modified":"2023-03-13T17:35:43","modified_gmt":"2023-03-13T23:35:43","slug":"reunion-con-alcaldes-no-es-presion-para-acudir-a-marcha-afirma-finanzas","status":"publish","type":"post","link":"https:\/\/encuentroinformativo.com.mx\/?p=37948","title":{"rendered":"Reuni\u00f3n con alcaldes no es presi\u00f3n para acudir a marcha, afirma Finanzas"},"content":{"rendered":"\n<p><strong>Dar\u00edo Pale <\/strong><\/p>\n\n\n\n<p>Xalapa, Ver.- En reuni\u00f3n con alcaldes este martes la cual ser\u00e1 meramente t\u00e9cnica, no es para pedirles que vayan a la marcha a la Ciudad de M\u00e9xico, adem\u00e1s rechazo que exista subejercicio en \u00a0el DIF Estatal, as\u00ed lo inform\u00f3 el titular de la Secretar\u00eda de Finanzas y Planeaci\u00f3n, Jos\u00e9 Luis Lima Franco.<\/p>\n\n\n\n<p>En conferencia de prensa el Secretario inform\u00f3 que este martes tendr\u00e1 un evento con alcaldes del Estado para capacitarlos sobre los recursos federales que se les transfieren.<\/p>\n\n\n\n<p>Dijo que se har\u00e1 una evaluaci\u00f3n en cuanto al gasto y c\u00f3mo lo est\u00e1n ejerciendo, ya que es informaci\u00f3n que deben subir a la p\u00e1gina de la Secretar\u00eda de Hacienda y Cr\u00e9dito P\u00fablico.<br>Indic\u00f3 que habr\u00e1 servidores p\u00fablicos de la Auditor\u00eda Superior de la Federaci\u00f3n, de la Secretar\u00eda de Hacienda, por lo que ser\u00e1 meramente t\u00e9cnica la reuni\u00f3n.<\/p>\n\n\n\n<p>En ese sentido, neg\u00f3 que el c\u00f3nclave con los ediles tenga que ver con alg\u00fan tipo de presi\u00f3n para que acudan a la marcha del 18 de marzo en la Ciudad de M\u00e9xico.<\/p>\n\n\n\n<p>En otro orden de ideas en lo que se refiere al subejercicio, confirm\u00f3 que 2 mil 800 millones de pesos que est\u00e1n pendientes de ejecutar en el DIF estatal (del presupuesto del a\u00f1o pasado), est\u00e1n comprometidos para el 31 de marzo.<\/p>\n\n\n\n<p>&#8220;Pr\u00e1cticamente todo es obra p\u00fablica, tiene que ver con un fondo federal que es FISE con otro que es FASM que ejerce el DIF, entonces pr\u00e1cticamente todos los recursos federales est\u00e1n comprometidos desde el 31 de diciembre&#8221;, se\u00f1al\u00f3.<\/p>\n\n\n\n<p>&#8220;Esperamos que se puedan ejercer de aqu\u00ed al 31 de marzo conforme a la ley, no hay ning\u00fan problema con ese recurso, se qued\u00f3 comprometido al 31 de diciembre y se deber\u00e1 ejercer al 31 de marzo. Pr\u00e1cticamente el cien por ciento est\u00e1 comprometido&#8221;, agreg\u00f3.<\/p>\n\n\n\n<p>Finalmente coment\u00f3 que, con base en el Informe Anual del organismo se registr\u00f3 un subejercicio por m\u00e1s de 400 millones de pesos, sin embargo, la titular del organismo, Rebeca Quintanar dijo que esos recursos se ejecutar\u00e1n en estos primeros tres meses del a\u00f1o.\u00a0<\/p>\n","protected":false},"excerpt":{"rendered":"<p>Dar\u00edo Pale Xalapa, Ver.- En reuni\u00f3n con alcaldes este martes la cual ser\u00e1 meramente t\u00e9cnica, no es para pedirles que vayan a la marcha a la Ciudad de M\u00e9xico, adem\u00e1s rechazo que exista subejercicio en \u00a0el DIF Estatal, as\u00ed lo inform\u00f3 el titular de la Secretar\u00eda de Finanzas y Planeaci\u00f3n, Jos\u00e9 Luis Lima Franco. En [&hellip;]<\/p>\n","protected":false},"author":2476,"featured_media":37949,"comment_status":"open","ping_status":"open","sticky":false,"template":"","format":"standard","meta":{"_jetpack_memberships_contains_paid_content":false,"footnotes":""},"categories":[2],"tags":[],"class_list":["post-37948","post","type-post","status-publish","format-standard","has-post-thumbnail","hentry","category-estado"],"jetpack_featured_media_url":"https:\/\/encuentroinformativo.com.mx\/wp-content\/uploads\/2023\/03\/Photo_1678750341444.jpg","jetpack_sharing_enabled":true,"jetpack_likes_enabled":true,"amp_enabled":true,"_links":{"self":[{"href":"https:\/\/encuentroinformativo.com.mx\/index.php?rest_route=\/wp\/v2\/posts\/37948","targetHints":{"allow":["GET"]}}],"collection":[{"href":"https:\/\/encuentroinformativo.com.mx\/index.php?rest_route=\/wp\/v2\/posts"}],"about":[{"href":"https:\/\/encuentroinformativo.com.mx\/index.php?rest_route=\/wp\/v2\/types\/post"}],"author":[{"embeddable":true,"href":"https:\/\/encuentroinformativo.com.mx\/index.php?rest_route=\/wp\/v2\/users\/2476"}],"replies":[{"embeddable":true,"href":"https:\/\/encuentroinformativo.com.mx\/index.php?rest_route=%2Fwp%2Fv2%2Fcomments&post=37948"}],"version-history":[{"count":1,"href":"https:\/\/encuentroinformativo.com.mx\/index.php?rest_route=\/wp\/v2\/posts\/37948\/revisions"}],"predecessor-version":[{"id":37950,"href":"https:\/\/encuentroinformativo.com.mx\/index.php?rest_route=\/wp\/v2\/posts\/37948\/revisions\/37950"}],"wp:featuredmedia":[{"embeddable":true,"href":"https:\/\/encuentroinformativo.com.mx\/index.php?rest_route=\/wp\/v2\/media\/37949"}],"wp:attachment":[{"href":"https:\/\/encuentroinformativo.com.mx\/index.php?rest_route=%2Fwp%2Fv2%2Fmedia&parent=37948"}],"wp:term":[{"taxonomy":"category","embeddable":true,"href":"https:\/\/encuentroinformativo.com.mx\/index.php?rest_route=%2Fwp%2Fv2%2Fcategories&post=37948"},{"taxonomy":"post_tag","embeddable":true,"href":"https:\/\/encuentroinformativo.com.mx\/index.php?rest_route=%2Fwp%2Fv2%2Ftags&post=37948"}],"curies":[{"name":"wp","href":"https:\/\/api.w.org\/{rel}","templated":true}]}}