{"id":37954,"date":"2023-03-13T19:50:44","date_gmt":"2023-03-14T01:50:44","guid":{"rendered":"https:\/\/encuentroinformativo.com.mx\/?p=37954"},"modified":"2023-03-13T19:50:48","modified_gmt":"2023-03-14T01:50:48","slug":"entrega-alcalde-jm-unanue-reconocimientos-a-personal-docente-de-la-escuela-federal-jose-azueta","status":"publish","type":"post","link":"https:\/\/encuentroinformativo.com.mx\/?p=37954","title":{"rendered":"Entrega Alcalde JM Un\u00e1nue reconocimientos a personal docente de la Escuela Federal Jos\u00e9 Azueta"},"content":{"rendered":"\n<p><strong>*<em>As\u00ed como tambi\u00e9n a personal administrativo en marco del 59 aniversario de dicho plantel educativo<\/em>.<\/strong><\/p>\n\n\n\n<p><strong>*<em>La comunidad de exalumnos de la escuela Jos\u00e9 Azueta reconoci\u00f3 al Alcalde boque\u00f1o por su respaldo y su liderazgo en el municipio<\/em>.<\/strong><\/p>\n\n\n\n<p>Boca del R\u00edo, Ver.- Como invitado de honor, el Alcalde de Boca del R\u00edo, encabez\u00f3 el festejo del aniversario 59 rumbo a los 60 a\u00f1os de la Escuela Secundaria General No. 1 Jos\u00e9 Azueta, reconociendo su importante contribuci\u00f3n en la educaci\u00f3n de sociedad boque\u00f1a.<\/p>\n\n\n\n<p>\u201cMe da mucho gusto acompa\u00f1ar a la comunidad de exalumnos de la escuela secundaria Jos\u00e9 Azueta por ser promotores y promotoras de un merecido reconocimiento a quienes han formado y acompa\u00f1ado a muchas generaciones de estudiantes en estos casi 60 a\u00f1os de experiencia acad\u00e9mica\u201d, reconoci\u00f3 el Alcalde.<\/p>\n\n\n\n<p>El Presidente Municipal record\u00f3 que esta instituci\u00f3n educativa fue la primera escuela federal que se instal\u00f3 en el municipio de Boca del R\u00edo, inaugur\u00e1ndose en el a\u00f1o de 1964.<\/p>\n\n\n\n<p>Asimismo, destac\u00f3 la labor de maestros presentes y ausentes, reconoci\u00e9ndoles como pilares de las ense\u00f1anzas, promoviendo, dignificando, pero sobre todo exaltando la excelencia educativa de este hist\u00f3rico plantel educativo.<\/p>\n\n\n\n<p>Rumbo al 60 aniversario, Un\u00e1nue Abascal enfatiz\u00f3 que la educaci\u00f3n secundaria se convierte en un punto crucial para el desarrollo de los estudiantes, ya que no s\u00f3lo reside la adquisici\u00f3n de conocimientos, sino tambi\u00e9n, de las habilidades que se est\u00e1n perfeccionando en esta etapa de la preparaci\u00f3n acad\u00e9mica.<\/p>\n\n\n\n<p>Ante maestros jubilados, estudiantes y exalumnos, el mun\u00edcipe boque\u00f1o expres\u00f3 que en sus aulas se contin\u00faa con la formaci\u00f3n formal, se fortalece tanto lo social y lo comunicacional, as\u00ed como los conceptos fundamentales para cualquier adolescente.<\/p>\n\n\n\n<p>Dicha celebraci\u00f3n se realiz\u00f3 en el teatro Fernando Guti\u00e9rrez Barrios, en la que adem\u00e1s se entregaron distintos reconocimientos a maestros, quienes a lo largo del tiempo han sido pieza fundamental en la definici\u00f3n del futuro de los j\u00f3venes boque\u00f1os.<\/p>\n\n\n\n<p>En tanto, la comunidad de exalumnos de la Jos\u00e9 Azueta entreg\u00f3 un reconocimiento al Edil, agradeciendo su respaldo as\u00ed como reconociendo su liderazgo en el municipio.<\/p>\n\n\n\n<p>Por \u00faltimo, Juan Manuel Un\u00e1nue recalc\u00f3 que su gobierno seguir\u00e1 trabajando diariamente para que los boque\u00f1os de todas las edades sigan disfrutando de la mejor ciudad de Veracruz.<\/p>\n","protected":false},"excerpt":{"rendered":"<p>*As\u00ed como tambi\u00e9n a personal administrativo en marco del 59 aniversario de dicho plantel educativo. *La comunidad de exalumnos de la escuela Jos\u00e9 Azueta reconoci\u00f3 al Alcalde boque\u00f1o por su respaldo y su liderazgo en el municipio. Boca del R\u00edo, Ver.- Como invitado de honor, el Alcalde de Boca del R\u00edo, encabez\u00f3 el festejo del [&hellip;]<\/p>\n","protected":false},"author":2476,"featured_media":37955,"comment_status":"open","ping_status":"open","sticky":false,"template":"","format":"standard","meta":{"_jetpack_memberships_contains_paid_content":false,"footnotes":""},"categories":[2],"tags":[],"class_list":["post-37954","post","type-post","status-publish","format-standard","has-post-thumbnail","hentry","category-estado"],"jetpack_featured_media_url":"https:\/\/encuentroinformativo.com.mx\/wp-content\/uploads\/2023\/03\/IMG-20230313-WA01612.jpg","jetpack_sharing_enabled":true,"jetpack_likes_enabled":true,"amp_enabled":true,"_links":{"self":[{"href":"https:\/\/encuentroinformativo.com.mx\/index.php?rest_route=\/wp\/v2\/posts\/37954","targetHints":{"allow":["GET"]}}],"collection":[{"href":"https:\/\/encuentroinformativo.com.mx\/index.php?rest_route=\/wp\/v2\/posts"}],"about":[{"href":"https:\/\/encuentroinformativo.com.mx\/index.php?rest_route=\/wp\/v2\/types\/post"}],"author":[{"embeddable":true,"href":"https:\/\/encuentroinformativo.com.mx\/index.php?rest_route=\/wp\/v2\/users\/2476"}],"replies":[{"embeddable":true,"href":"https:\/\/encuentroinformativo.com.mx\/index.php?rest_route=%2Fwp%2Fv2%2Fcomments&post=37954"}],"version-history":[{"count":2,"href":"https:\/\/encuentroinformativo.com.mx\/index.php?rest_route=\/wp\/v2\/posts\/37954\/revisions"}],"predecessor-version":[{"id":37957,"href":"https:\/\/encuentroinformativo.com.mx\/index.php?rest_route=\/wp\/v2\/posts\/37954\/revisions\/37957"}],"wp:featuredmedia":[{"embeddable":true,"href":"https:\/\/encuentroinformativo.com.mx\/index.php?rest_route=\/wp\/v2\/media\/37955"}],"wp:attachment":[{"href":"https:\/\/encuentroinformativo.com.mx\/index.php?rest_route=%2Fwp%2Fv2%2Fmedia&parent=37954"}],"wp:term":[{"taxonomy":"category","embeddable":true,"href":"https:\/\/encuentroinformativo.com.mx\/index.php?rest_route=%2Fwp%2Fv2%2Fcategories&post=37954"},{"taxonomy":"post_tag","embeddable":true,"href":"https:\/\/encuentroinformativo.com.mx\/index.php?rest_route=%2Fwp%2Fv2%2Ftags&post=37954"}],"curies":[{"name":"wp","href":"https:\/\/api.w.org\/{rel}","templated":true}]}}