{"id":3796,"date":"2020-07-02T14:07:18","date_gmt":"2020-07-02T19:07:18","guid":{"rendered":"https:\/\/encuentroinformativo.com\/?p=3796"},"modified":"2020-07-02T14:07:20","modified_gmt":"2020-07-02T19:07:20","slug":"insisten-en-reapertura-de-parques-en-xalapa","status":"publish","type":"post","link":"https:\/\/encuentroinformativo.com.mx\/?p=3796","title":{"rendered":"Insisten en reapertura de parques en Xalapa"},"content":{"rendered":"\n<p><strong>Dar\u00edo Pale <\/strong><\/p>\n\n\n\n<p>Xalapa, Ver.- Hacen un llamado a la autoridad para que se abran los parques de la ciudad porque fomenta la salud de la poblaci\u00f3n aunado a ello se est\u00e1 fomentando un miedo excesivo al Covid-19, as\u00ed lo se\u00f1al\u00f3 el director del patronato para el parque Ecol\u00f3gico Macuilt\u00e9petl, Sergio Humberto Aguilar Rodr\u00edguez.<\/p>\n\n\n\n<p>Entrevistado en las afueras del palacio municipal se\u00f1al\u00f3: \u201cEn las redes sociales se hacen muchos comentarios, hay una legi\u00f3n de comentaristas muy grande algunos hacen comentarios apropiados, inteligentes, informativos incluso; sin embargo, hay mucha gente que cometa cosas que abona m\u00e1s a un p\u00e1nico de la pandemia. Yo pienso que se est\u00e1 fomentando un miedo excesivo a un virus\u201d.<\/p>\n\n\n\n<p>Dio a conocer que en otros pa\u00edses con parques importantes \u00e9stos nunca estuvieron cerrados sino que se restringieron las \u00e1reas que tienen aglomeraciones al p\u00fablico.<\/p>\n\n\n\n<p>\u201cAqu\u00ed en el Macuilt\u00e9petl se har\u00eda lo mismo, el museo de la fauna permanecer\u00eda cerrado al p\u00fablico al igual que el mirador y la cafeter\u00eda y se har\u00eda un plan para que con el tiempo y con respecto al avance del coronavirus en Xalapa pudiera hacerse una reapertura responsable y utilizarlo de programa piloto para que pudiera hacerse lo mismo con otros parques como el parque Natura que presenta una extensi\u00f3n muy grande\u201d, finaliz\u00f3.<\/p>\n\n\n\n<p><\/p>\n","protected":false},"excerpt":{"rendered":"<p>Dar\u00edo Pale Xalapa, Ver.- Hacen un llamado a la autoridad para que se abran los parques de la ciudad porque fomenta la salud de la poblaci\u00f3n aunado a ello se est\u00e1 fomentando un miedo excesivo al Covid-19, as\u00ed lo se\u00f1al\u00f3 el director del patronato para el parque Ecol\u00f3gico Macuilt\u00e9petl, Sergio Humberto Aguilar Rodr\u00edguez. Entrevistado en [&hellip;]<\/p>\n","protected":false},"author":1,"featured_media":3797,"comment_status":"open","ping_status":"open","sticky":false,"template":"","format":"standard","meta":{"_jetpack_memberships_contains_paid_content":false,"footnotes":""},"categories":[3],"tags":[],"class_list":["post-3796","post","type-post","status-publish","format-standard","has-post-thumbnail","hentry","category-xalapa"],"jetpack_featured_media_url":"https:\/\/encuentroinformativo.com.mx\/wp-content\/uploads\/2020\/07\/D7277433-F0C8-45A3-AD92-1BB0459AFE87.jpeg","jetpack_sharing_enabled":true,"jetpack_likes_enabled":true,"amp_enabled":true,"_links":{"self":[{"href":"https:\/\/encuentroinformativo.com.mx\/index.php?rest_route=\/wp\/v2\/posts\/3796","targetHints":{"allow":["GET"]}}],"collection":[{"href":"https:\/\/encuentroinformativo.com.mx\/index.php?rest_route=\/wp\/v2\/posts"}],"about":[{"href":"https:\/\/encuentroinformativo.com.mx\/index.php?rest_route=\/wp\/v2\/types\/post"}],"author":[{"embeddable":true,"href":"https:\/\/encuentroinformativo.com.mx\/index.php?rest_route=\/wp\/v2\/users\/1"}],"replies":[{"embeddable":true,"href":"https:\/\/encuentroinformativo.com.mx\/index.php?rest_route=%2Fwp%2Fv2%2Fcomments&post=3796"}],"version-history":[{"count":1,"href":"https:\/\/encuentroinformativo.com.mx\/index.php?rest_route=\/wp\/v2\/posts\/3796\/revisions"}],"predecessor-version":[{"id":3798,"href":"https:\/\/encuentroinformativo.com.mx\/index.php?rest_route=\/wp\/v2\/posts\/3796\/revisions\/3798"}],"wp:featuredmedia":[{"embeddable":true,"href":"https:\/\/encuentroinformativo.com.mx\/index.php?rest_route=\/wp\/v2\/media\/3797"}],"wp:attachment":[{"href":"https:\/\/encuentroinformativo.com.mx\/index.php?rest_route=%2Fwp%2Fv2%2Fmedia&parent=3796"}],"wp:term":[{"taxonomy":"category","embeddable":true,"href":"https:\/\/encuentroinformativo.com.mx\/index.php?rest_route=%2Fwp%2Fv2%2Fcategories&post=3796"},{"taxonomy":"post_tag","embeddable":true,"href":"https:\/\/encuentroinformativo.com.mx\/index.php?rest_route=%2Fwp%2Fv2%2Ftags&post=3796"}],"curies":[{"name":"wp","href":"https:\/\/api.w.org\/{rel}","templated":true}]}}