{"id":37960,"date":"2023-03-14T10:03:41","date_gmt":"2023-03-14T16:03:41","guid":{"rendered":"https:\/\/encuentroinformativo.com.mx\/?p=37960"},"modified":"2023-03-14T10:03:44","modified_gmt":"2023-03-14T16:03:44","slug":"mujeres-seran-parte-fundamental-en-lucha-interna-de-morena","status":"publish","type":"post","link":"https:\/\/encuentroinformativo.com.mx\/?p=37960","title":{"rendered":"Mujeres ser\u00e1n parte fundamental en lucha interna de Morena"},"content":{"rendered":"\n<p><strong>Alejandro \u00c1vila<\/strong><\/p>\n\n\n\n<p>Veracruz, Ver.- El trabajo y liderazgo de las mujeres ser\u00e1 parte fundamental en la lucha interna de Morena para la candidatura presidencial, mencion\u00f3 el coordinador estatal de &#8220;Con Marcelo S\u00ed&#8221;, Bogar Ruiz Rosas.<\/p>\n\n\n\n<p>Dentro de la entrega de nombramientos a coordinadores distritales en la entidad veracruzana, aproximadamente la mitad de ellos son mujeres; mismas que suman un gran poder para consolidar la estructura, dijo el ex alcalde de Alvarado.<\/p>\n\n\n\n<p>&#8220;Ella conoce una gran cantidad de emprendedores, de gente conocedora de lo que es el comercio, la industria hotelera, empresarios, yo creo que es la persona que puede ayudar. Adem\u00e1s de manera natural muchos empresarios campesinos, ganaderos, ca\u00f1eros, como ustedes lo acaban de ver ahorita, gente que maneja el deporte, son gente que est\u00e1n aliados, los j\u00f3venes. Yo creo que estamos armando una estructura muy importante, que va a ser contundente, y esta la estamos organizando con mucha gente de experiencia&#8221;, destac\u00f3 Ruiz Rosas.<\/p>\n\n\n\n<p>La noche de este lunes le fue entregado su nombramiento como coordinadora distrital en Boca del R\u00edo a Gisela Morales Cruz; mientras que en el distrito de Veracruz la coordinaci\u00f3n quedar\u00e1 a cargo de Ra\u00fal Mendoza Alduci.<\/p>\n\n\n\n<p>En el evento realizado un conocido sal\u00f3n social, tambi\u00e9n fueron entregados los nombramientos a los coordinadores de los grupos ca\u00f1eros, de taxistas, jubilados y pensionados, de maestros, entre otros.<\/p>\n","protected":false},"excerpt":{"rendered":"<p>Alejandro \u00c1vila Veracruz, Ver.- El trabajo y liderazgo de las mujeres ser\u00e1 parte fundamental en la lucha interna de Morena para la candidatura presidencial, mencion\u00f3 el coordinador estatal de &#8220;Con Marcelo S\u00ed&#8221;, Bogar Ruiz Rosas. Dentro de la entrega de nombramientos a coordinadores distritales en la entidad veracruzana, aproximadamente la mitad de ellos son mujeres; [&hellip;]<\/p>\n","protected":false},"author":2476,"featured_media":37962,"comment_status":"open","ping_status":"open","sticky":false,"template":"","format":"standard","meta":{"_jetpack_memberships_contains_paid_content":false,"footnotes":""},"categories":[2],"tags":[],"class_list":["post-37960","post","type-post","status-publish","format-standard","has-post-thumbnail","hentry","category-estado"],"jetpack_featured_media_url":"https:\/\/encuentroinformativo.com.mx\/wp-content\/uploads\/2023\/03\/IMG-20230314-WA0010.jpg","jetpack_sharing_enabled":true,"jetpack_likes_enabled":true,"amp_enabled":true,"_links":{"self":[{"href":"https:\/\/encuentroinformativo.com.mx\/index.php?rest_route=\/wp\/v2\/posts\/37960","targetHints":{"allow":["GET"]}}],"collection":[{"href":"https:\/\/encuentroinformativo.com.mx\/index.php?rest_route=\/wp\/v2\/posts"}],"about":[{"href":"https:\/\/encuentroinformativo.com.mx\/index.php?rest_route=\/wp\/v2\/types\/post"}],"author":[{"embeddable":true,"href":"https:\/\/encuentroinformativo.com.mx\/index.php?rest_route=\/wp\/v2\/users\/2476"}],"replies":[{"embeddable":true,"href":"https:\/\/encuentroinformativo.com.mx\/index.php?rest_route=%2Fwp%2Fv2%2Fcomments&post=37960"}],"version-history":[{"count":1,"href":"https:\/\/encuentroinformativo.com.mx\/index.php?rest_route=\/wp\/v2\/posts\/37960\/revisions"}],"predecessor-version":[{"id":37963,"href":"https:\/\/encuentroinformativo.com.mx\/index.php?rest_route=\/wp\/v2\/posts\/37960\/revisions\/37963"}],"wp:featuredmedia":[{"embeddable":true,"href":"https:\/\/encuentroinformativo.com.mx\/index.php?rest_route=\/wp\/v2\/media\/37962"}],"wp:attachment":[{"href":"https:\/\/encuentroinformativo.com.mx\/index.php?rest_route=%2Fwp%2Fv2%2Fmedia&parent=37960"}],"wp:term":[{"taxonomy":"category","embeddable":true,"href":"https:\/\/encuentroinformativo.com.mx\/index.php?rest_route=%2Fwp%2Fv2%2Fcategories&post=37960"},{"taxonomy":"post_tag","embeddable":true,"href":"https:\/\/encuentroinformativo.com.mx\/index.php?rest_route=%2Fwp%2Fv2%2Ftags&post=37960"}],"curies":[{"name":"wp","href":"https:\/\/api.w.org\/{rel}","templated":true}]}}