{"id":37964,"date":"2023-03-14T10:06:08","date_gmt":"2023-03-14T16:06:08","guid":{"rendered":"https:\/\/encuentroinformativo.com.mx\/?p=37964"},"modified":"2023-03-14T10:06:11","modified_gmt":"2023-03-14T16:06:11","slug":"ofrece-regiduria-portena-protesis-mamarias-gratuitas","status":"publish","type":"post","link":"https:\/\/encuentroinformativo.com.mx\/?p=37964","title":{"rendered":"Ofrece Regidur\u00eda porte\u00f1a pr\u00f3tesis mamarias gratuitas"},"content":{"rendered":"\n<p><strong>Alejandro \u00c1vila<\/strong><\/p>\n\n\n\n<p>Veracruz, Ver.- La regidora del Ayuntamiento de Veracruz, Belem Palmeros Exsome, dio a conocer que se encuentran ofreciendo pr\u00f3tesis mamarias gratuitas mismas que ser\u00e1n entregadas el pr\u00f3ximo 25 de marzo.<\/p>\n\n\n\n<p>Todas las interesadas deber\u00e1n registrarse en la Regidur\u00eda 13 v\u00eda telef\u00f3nica y en horario de oficina, a los tel\u00e9fonos 22 92 00 20 13, extensi\u00f3n 0132 y 0131.<\/p>\n\n\n\n<p>&#8220;S\u00ed necesito hacer \u00e9nfasis en que las pr\u00f3tesis son externas, son artesanales, son de linaza, y de esta manera se simula el peso que tiene la mama. Por eso estamos invitando a que se puedan inscribir para que reciban su pr\u00f3tesis, el registro ser\u00e1 v\u00eda telef\u00f3nica en horarios de oficina&#8221;, destac\u00f3 la edil priista.<\/p>\n\n\n\n<p>Belem Palmeros mencion\u00f3 que la entrega de las pr\u00f3tesis se har\u00e1 el s\u00e1bado 25 de marzo en la Unidad M\u00e9dica de Alta Especialidad (UMAE) 14 del Instituto Mexicano del Seguro Social (IMSS), ubicada sobre la avenida Cuauht\u00e9moc en el municipio de Veracruz.<\/p>\n\n\n\n<p>&#8220;Son gratuitas e invitamos a las mujeres que necesitan una pr\u00f3tesis a que se sumen a esta campa\u00f1a para que puedan contar con nuestro apoyo&#8221;, culmin\u00f3.<\/p>\n","protected":false},"excerpt":{"rendered":"<p>Alejandro \u00c1vila Veracruz, Ver.- La regidora del Ayuntamiento de Veracruz, Belem Palmeros Exsome, dio a conocer que se encuentran ofreciendo pr\u00f3tesis mamarias gratuitas mismas que ser\u00e1n entregadas el pr\u00f3ximo 25 de marzo. Todas las interesadas deber\u00e1n registrarse en la Regidur\u00eda 13 v\u00eda telef\u00f3nica y en horario de oficina, a los tel\u00e9fonos 22 92 00 20 [&hellip;]<\/p>\n","protected":false},"author":2476,"featured_media":37961,"comment_status":"open","ping_status":"open","sticky":false,"template":"","format":"standard","meta":{"_jetpack_memberships_contains_paid_content":false,"footnotes":""},"categories":[9],"tags":[],"class_list":["post-37964","post","type-post","status-publish","format-standard","has-post-thumbnail","hentry","category-salud"],"jetpack_featured_media_url":"https:\/\/encuentroinformativo.com.mx\/wp-content\/uploads\/2023\/03\/IMG-20230314-WA00162.jpg","jetpack_sharing_enabled":true,"jetpack_likes_enabled":true,"amp_enabled":true,"_links":{"self":[{"href":"https:\/\/encuentroinformativo.com.mx\/index.php?rest_route=\/wp\/v2\/posts\/37964","targetHints":{"allow":["GET"]}}],"collection":[{"href":"https:\/\/encuentroinformativo.com.mx\/index.php?rest_route=\/wp\/v2\/posts"}],"about":[{"href":"https:\/\/encuentroinformativo.com.mx\/index.php?rest_route=\/wp\/v2\/types\/post"}],"author":[{"embeddable":true,"href":"https:\/\/encuentroinformativo.com.mx\/index.php?rest_route=\/wp\/v2\/users\/2476"}],"replies":[{"embeddable":true,"href":"https:\/\/encuentroinformativo.com.mx\/index.php?rest_route=%2Fwp%2Fv2%2Fcomments&post=37964"}],"version-history":[{"count":1,"href":"https:\/\/encuentroinformativo.com.mx\/index.php?rest_route=\/wp\/v2\/posts\/37964\/revisions"}],"predecessor-version":[{"id":37966,"href":"https:\/\/encuentroinformativo.com.mx\/index.php?rest_route=\/wp\/v2\/posts\/37964\/revisions\/37966"}],"wp:featuredmedia":[{"embeddable":true,"href":"https:\/\/encuentroinformativo.com.mx\/index.php?rest_route=\/wp\/v2\/media\/37961"}],"wp:attachment":[{"href":"https:\/\/encuentroinformativo.com.mx\/index.php?rest_route=%2Fwp%2Fv2%2Fmedia&parent=37964"}],"wp:term":[{"taxonomy":"category","embeddable":true,"href":"https:\/\/encuentroinformativo.com.mx\/index.php?rest_route=%2Fwp%2Fv2%2Fcategories&post=37964"},{"taxonomy":"post_tag","embeddable":true,"href":"https:\/\/encuentroinformativo.com.mx\/index.php?rest_route=%2Fwp%2Fv2%2Ftags&post=37964"}],"curies":[{"name":"wp","href":"https:\/\/api.w.org\/{rel}","templated":true}]}}