{"id":37970,"date":"2023-03-14T10:14:44","date_gmt":"2023-03-14T16:14:44","guid":{"rendered":"https:\/\/encuentroinformativo.com.mx\/?p=37970"},"modified":"2023-03-14T10:14:48","modified_gmt":"2023-03-14T16:14:48","slug":"entregan-250-millones-a-la-uv-en-inedito-apoyo","status":"publish","type":"post","link":"https:\/\/encuentroinformativo.com.mx\/?p=37970","title":{"rendered":"ENTREGAN 250 MILLONES A LA UV EN IN\u00c9DITO APOYO"},"content":{"rendered":"\n<p><strong>ColumnaSinNombre<br>@pablojair<\/strong><\/p>\n\n\n\n<ul class=\"wp-block-list\"><li>Seguir\u00e1n corriendo en la Xalapa-Coatepec.<\/li><li>\u00bfNeta les cuesta tanto ir con un abogado?<\/li><li>Cobra como maestro y jefe de Prensa.<\/li><\/ul>\n\n\n\n<p>Bendita lluvia la que cay\u00f3 ayer;<br>siempre demos gracias<br>por el agua que cae del cielo<br>\u2014Chopenjawer<\/p>\n\n\n\n<p>Este lunes, el secretario de Finanzas de Veracruz, Jos\u00e9 Luis Lima Franco, detall\u00f3 c\u00f3mo ha sido el apoyo que se ha entregado a la Universidad Veracruzana (UV), el cual ha tenido sus subsidios estatales en tiempo y forma, adem\u00e1s de que ayer se anunci\u00f3 de la entrega de 250 millones de pesos extra para la m\u00e1xima casa de estudios de Veracruz.<\/p>\n\n\n\n<p>A esto se debe sumar que el gobierno de Veracruz, en la presente administraci\u00f3n, ha sido el \u00fanico que se aboc\u00f3 a resolver la deuda que se ten\u00eda con la UV y el Servicio de Administraci\u00f3n Tributaria, luego de que en el gobierno de Javier Duarte se dejaron de pagar impuestos que la UV ten\u00eda que cubrir ante Hacienda.<\/p>\n\n\n\n<p>Y no es una cantidad menor: el gobierno de Cuitl\u00e1huac dio alrededor de 3 mil millones de pesos a la Universidad Veracruzana, por lo cual una gran deuda que se ven\u00eda arrastrando desde hace algunos a\u00f1os fue completamente liquidada.<\/p>\n\n\n\n<p>Es decir, nada se le debe a la UV y se hizo un gran esfuerzo por saldar esa deuda, teniendo en cuenta que el actual Gobierno de Veracruz est\u00e1 padeciendo por las malas finanzas que dejaron las administraciones de por lo menos tres gobernadores para atr\u00e1s. Eso tal vez deber\u00eda tenerlo en consideraci\u00f3n el rector Mart\u00edn Aguilar.<\/p>\n\n\n\n<p>No obstante, hace unos meses atr\u00e1s, el rector insist\u00eda en pedir m\u00e1s recursos, argumentando que no se les entregaba el 4% de los ingresos totales del Estado como corresponde a la ley; quer\u00eda algo as\u00ed como 8 mil 569 millones 392 mil pesos.<\/p>\n\n\n\n<p>Finalmente les fueron entregados 6 mil 072 millones 139 mil 220 pesos y 63 centavos.<\/p>\n\n\n\n<p>Pero no acab\u00f3 ah\u00ed la cosa: para que los de la UV vean que hay cari\u00f1o del bueno y se le quiere a la m\u00e1xima casa de estudios (donde por cierto el gober es maestro de tiempo completo, actualmente con licencia) este lunes, en conferencia de prensa, se detall\u00f3 sobre la entrega de 250 millones de pesos entregados en t\u00e9rminos de un convenio de Subsidio Estatal Extraordinario 2023.<\/p>\n\n\n\n<p>Se explica: la Universidad Veracruzana recibe un subsidio estatal y otro federal. En 2023, con los recursos del Estado, se dieron a la UV exactamente 3 mil 314 millones 402 mil 960 pesos, que se suman a los 2 mil 757 millones 736 mil 260 pesos que se mandan por parte de la Federaci\u00f3n. De eso el gran total de 6 mil millones y pico que se dieron para este a\u00f1o.<\/p>\n\n\n\n<p>En el caso del Subsidio Estatal Extraordinario 2023 se plantearon tres rubros: el primero, Educaci\u00f3n Superior con excelencia, ampliaci\u00f3n matr\u00edcula y planes de estudio pertinentes, para los cuales se les dieron 143 millones; lo segundo, para promover la inclusi\u00f3n de Grupos Vulnerables, para lo cual se otorgaron 13 millones; y finalmente, fortalecimiento de la Investigaci\u00f3n, que tendr\u00e1n 94 millones de pesos. El gran total: 250 millones de pesos extras para la UV, algo que no se hab\u00eda dado antes.<\/p>\n\n\n\n<p>\u201cEn este sentido, Veracruz le cumple a su m\u00e1xima casa de estudios con lo establecido en la ley y le apoya decididamente por su importancia en la formaci\u00f3n de al menos 66 mil j\u00f3venes, zanjando as\u00ed las falsas acusaciones de no cubrir el 4 por ciento del presupuesto\u201d, se leer\u00eda posteriormente en el comunicado enviado desde Palacio de Gobierno.<\/p>\n\n\n\n<p>El propio secretario Lima Franco dio cuenta en la conferencia c\u00f3mo en 2020 la UV ejerci\u00f3 7 mil 579 mdp, de los cuales 2 mil 832 fueron subsidio federal y 4 mil 747 estatal, y que en esta \u00faltima cifra van incluidos mil 685 por concepto del ISR (lo que qued\u00f3 a deber Duarte).<\/p>\n\n\n\n<p>Muy similar en 2021, cuando el importe ascendi\u00f3 a 7 mil 547, la Federaci\u00f3n envi\u00f3 2 mil 845 y Veracruz 4 mil 702, mil 639 de \u00e9stos destinados a pagar el adeudo arrastrado desde 2014.<\/p>\n\n\n\n<p>Finalmente, al comparar a\u00f1o con a\u00f1o lo aprobado en el Presupuesto de Ingresos y Egresos, se puede observar que, de 2022 al presente, los recursos pasaron de 3 mil 073 a 3 mil 314 millones, lo que significa un aumento final superior al 10%; mucho m\u00e1s de lo que por ley el Gobierno estatal est\u00e1 obligado a aportar.<\/p>\n\n\n\n<p>O sea, totalmente desmentido que no se le apoye a la UV. Y la verdad ser\u00eda una ingratitud reprochar algo pese al esfuerzo que se ha hecho.<\/p>\n\n\n\n<p>De repente pareciera que la \u201cautonom\u00eda\u201d de la Universidad ha sido un mal experimento\u2026 \u00bfNo deber\u00eda estar generando sus propios recursos? \u00bfO siempre va a pedir? Por cierto, \u00bfen qu\u00e9 lugar andar\u00e1 a nivel nacional como para exigir? \u00bfEn verdad todos trabajan, investigan?<\/p>\n\n\n\n<p>Quiz\u00e1s tambi\u00e9n la UV debiera apretarse el cintur\u00f3n y estar\u00eda bien que se diera a conocer cu\u00e1nto ganan algunos investigadores o catedr\u00e1ticos, o personal administrativo.<\/p>\n\n\n\n<p>A lo mejor no les ha ca\u00eddo el veinte de que estamos en tiempos de austeridad.<\/p>\n\n\n\n<p><strong>NOTA PARA PEGAR EN EL REFRI:<\/strong> Se coincide mucho con lo que dice el secre de Infraestructura y Obras P\u00fablicas, Elio Hern\u00e1ndez, cuando habla de que si bien se est\u00e1 asfaltando la carretera Xalapa-Coatepec para darle mayor agarre, esto va a valer \u201ctopi\u201d si la gente sigue meti\u00e9ndole pata a una vialidad que no es para correr y por consiguiente ocasionando accidentes viales en dicha v\u00eda\u2026 De esto pudimos constatar ayer la domadora y su servilleta cuando \u00edbamos para Xalapa y varios carros pasaron rebasando al taxi que nos llevaba; al menos tres veh\u00edculos iban entre 80 y 90 kil\u00f3metros por hora, despu\u00e9s de una pertinaz lluvia que cay\u00f3 poco despu\u00e9s de la hora de la comida\u2026 Y es que ahora que va a tener \u201cm\u00e1s agarre\u201d, seguramente no faltar\u00e1 el babotas, la babotas, el \u201cbebetes\u201d que pensar\u00e1 \u201cahora s\u00ed puedo meter m\u00e1s velocidad\u201d y ah\u00ed terminar\u00e1 patas pa\u2019 arriba en la zona de moteles y no precisamente por gusto\u2026 \u00bfPero qu\u00e9 necesidad, chingao?<\/p>\n\n\n\n<p><strong>OTRA NOTA:<\/strong> \u00bfHasta d\u00f3nde se querr\u00e1 llegar con la fuerza del aparato del estado para declarar como \u201cilegal\u201d algo que ante la ley no lo es? A ver, es cosa de ir con un abogado (uno bara-bara, si les cuesta mucho, pero que sepa de leyes) y preguntar si lo de detener unidades de Uber no va a salir contraproducente s\u00f3lo para darle gusto a un gremio de taxistas que seguramente pedir\u00e1 un a\u00f1o y pelos de pr\u00f3rroga quesque para cambiar unidades chatarras, pero a sabiendas de que el actual gobierno ya no tarda en salir, pasar a la historia, para entonces hacerse los occisos con los acuerdos y nuevamente la burra al trigo, la misma cantaleta, seguir operando con unidades viejas y peligrosas para hacerse los llorones con el gobierno entrante. Al tiempo.<\/p>\n\n\n\n<p><strong>LA \u00daLTIMA PORQUE MA\u00d1ANA \u201cVOA\u201d ROLAR CHIDO: <\/strong>Con raz\u00f3n en el municipio de Juan Rodr\u00edguez Clara de plano no cambian esa imagen de cueva de ladrones\u2026 Y es que el encargado de Comunicaci\u00f3n Social, V\u00edctor Manuel Echeverr\u00eda Lagunes, anda m\u00e1s ocupado en atender su plaza de maestro en el Centro de Bachillerato Tecnol\u00f3gico Agropecuario (CBTA) n\u00famero 282 de Sayula de Alem\u00e1n\u2026 La queja constante que dicen se oye en el palacio municipal, es que Echeverr\u00eda Lagunes cobra en el Ayuntamiento poco m\u00e1s de 12 mil pesos mensuales como funcionario municipal de confianza, pero se ausenta todo el d\u00eda para estar en Sayula, que se encuentra a m\u00e1s de 50 kil\u00f3metros.<\/p>\n","protected":false},"excerpt":{"rendered":"<p>ColumnaSinNombre@pablojair Seguir\u00e1n corriendo en la Xalapa-Coatepec. \u00bfNeta les cuesta tanto ir con un abogado? Cobra como maestro y jefe de Prensa. Bendita lluvia la que cay\u00f3 ayer;siempre demos graciaspor el agua que cae del cielo\u2014Chopenjawer Este lunes, el secretario de Finanzas de Veracruz, Jos\u00e9 Luis Lima Franco, detall\u00f3 c\u00f3mo ha sido el apoyo que se [&hellip;]<\/p>\n","protected":false},"author":2476,"featured_media":488,"comment_status":"open","ping_status":"open","sticky":false,"template":"","format":"standard","meta":{"_jetpack_memberships_contains_paid_content":false,"footnotes":""},"categories":[11],"tags":[],"class_list":["post-37970","post","type-post","status-publish","format-standard","has-post-thumbnail","hentry","category-opinion"],"jetpack_featured_media_url":"https:\/\/encuentroinformativo.com.mx\/wp-content\/uploads\/2020\/03\/F471F608-BA1A-416B-BA7B-BCFB24F4E6D0.jpeg","jetpack_sharing_enabled":true,"jetpack_likes_enabled":true,"amp_enabled":true,"_links":{"self":[{"href":"https:\/\/encuentroinformativo.com.mx\/index.php?rest_route=\/wp\/v2\/posts\/37970","targetHints":{"allow":["GET"]}}],"collection":[{"href":"https:\/\/encuentroinformativo.com.mx\/index.php?rest_route=\/wp\/v2\/posts"}],"about":[{"href":"https:\/\/encuentroinformativo.com.mx\/index.php?rest_route=\/wp\/v2\/types\/post"}],"author":[{"embeddable":true,"href":"https:\/\/encuentroinformativo.com.mx\/index.php?rest_route=\/wp\/v2\/users\/2476"}],"replies":[{"embeddable":true,"href":"https:\/\/encuentroinformativo.com.mx\/index.php?rest_route=%2Fwp%2Fv2%2Fcomments&post=37970"}],"version-history":[{"count":1,"href":"https:\/\/encuentroinformativo.com.mx\/index.php?rest_route=\/wp\/v2\/posts\/37970\/revisions"}],"predecessor-version":[{"id":37971,"href":"https:\/\/encuentroinformativo.com.mx\/index.php?rest_route=\/wp\/v2\/posts\/37970\/revisions\/37971"}],"wp:featuredmedia":[{"embeddable":true,"href":"https:\/\/encuentroinformativo.com.mx\/index.php?rest_route=\/wp\/v2\/media\/488"}],"wp:attachment":[{"href":"https:\/\/encuentroinformativo.com.mx\/index.php?rest_route=%2Fwp%2Fv2%2Fmedia&parent=37970"}],"wp:term":[{"taxonomy":"category","embeddable":true,"href":"https:\/\/encuentroinformativo.com.mx\/index.php?rest_route=%2Fwp%2Fv2%2Fcategories&post=37970"},{"taxonomy":"post_tag","embeddable":true,"href":"https:\/\/encuentroinformativo.com.mx\/index.php?rest_route=%2Fwp%2Fv2%2Ftags&post=37970"}],"curies":[{"name":"wp","href":"https:\/\/api.w.org\/{rel}","templated":true}]}}