{"id":37972,"date":"2023-03-14T10:22:28","date_gmt":"2023-03-14T16:22:28","guid":{"rendered":"https:\/\/encuentroinformativo.com.mx\/?p=37972"},"modified":"2023-03-14T10:22:31","modified_gmt":"2023-03-14T16:22:31","slug":"recibe-alcalde-ahued-a-representante-del-gobierno-del-congo","status":"publish","type":"post","link":"https:\/\/encuentroinformativo.com.mx\/?p=37972","title":{"rendered":"Recibe alcalde Ahued a representante del Gobierno del Congo"},"content":{"rendered":"\n<p>Xalapa, Ver.- El presidente municipal Ricardo Ahued Bardahuil recibi\u00f3 esta ma\u00f1ana en visita de cortes\u00eda al representante de Gobierno de la Rep\u00fablica Democr\u00e1tica del Congo en M\u00e9xico, Isaac Muamba Kalonji, con la finalidad de intercambiar puntos de vista en favor de la ciudad.<\/p>\n\n\n\n<p>Durante la reuni\u00f3n estuvieron presentes, el regidor Daniel Fern\u00e1ndez Carri\u00f3n y el secretario general del Sindicato de Trabajadores del Estado al Servicio de la Educaci\u00f3n (Sitese), Levit de Jes\u00fas Galv\u00e1n Pesqueda.<\/p>\n\n\n\n<figure class=\"wp-block-image size-large\"><img loading=\"lazy\" decoding=\"async\" width=\"1024\" height=\"703\" src=\"https:\/\/encuentroinformativo.com.mx\/wp-content\/uploads\/2023\/03\/IMG-20230314-WA0020-1024x703.jpg\" alt=\"\" class=\"wp-image-37974\" srcset=\"https:\/\/encuentroinformativo.com.mx\/wp-content\/uploads\/2023\/03\/IMG-20230314-WA0020-1024x703.jpg 1024w, https:\/\/encuentroinformativo.com.mx\/wp-content\/uploads\/2023\/03\/IMG-20230314-WA0020-300x206.jpg 300w, https:\/\/encuentroinformativo.com.mx\/wp-content\/uploads\/2023\/03\/IMG-20230314-WA0020-768x528.jpg 768w, https:\/\/encuentroinformativo.com.mx\/wp-content\/uploads\/2023\/03\/IMG-20230314-WA0020-1536x1055.jpg 1536w, https:\/\/encuentroinformativo.com.mx\/wp-content\/uploads\/2023\/03\/IMG-20230314-WA0020.jpg 1600w\" sizes=\"auto, (max-width: 1024px) 100vw, 1024px\" \/><\/figure>\n","protected":false},"excerpt":{"rendered":"<p>Xalapa, Ver.- El presidente municipal Ricardo Ahued Bardahuil recibi\u00f3 esta ma\u00f1ana en visita de cortes\u00eda al representante de Gobierno de la Rep\u00fablica Democr\u00e1tica del Congo en M\u00e9xico, Isaac Muamba Kalonji, con la finalidad de intercambiar puntos de vista en favor de la ciudad. Durante la reuni\u00f3n estuvieron presentes, el regidor Daniel Fern\u00e1ndez Carri\u00f3n y el [&hellip;]<\/p>\n","protected":false},"author":2476,"featured_media":37973,"comment_status":"open","ping_status":"open","sticky":false,"template":"","format":"standard","meta":{"_jetpack_memberships_contains_paid_content":false,"footnotes":""},"categories":[3],"tags":[],"class_list":["post-37972","post","type-post","status-publish","format-standard","has-post-thumbnail","hentry","category-xalapa"],"jetpack_featured_media_url":"https:\/\/encuentroinformativo.com.mx\/wp-content\/uploads\/2023\/03\/IMG-20230314-WA0019.jpg","jetpack_sharing_enabled":true,"jetpack_likes_enabled":true,"amp_enabled":true,"_links":{"self":[{"href":"https:\/\/encuentroinformativo.com.mx\/index.php?rest_route=\/wp\/v2\/posts\/37972","targetHints":{"allow":["GET"]}}],"collection":[{"href":"https:\/\/encuentroinformativo.com.mx\/index.php?rest_route=\/wp\/v2\/posts"}],"about":[{"href":"https:\/\/encuentroinformativo.com.mx\/index.php?rest_route=\/wp\/v2\/types\/post"}],"author":[{"embeddable":true,"href":"https:\/\/encuentroinformativo.com.mx\/index.php?rest_route=\/wp\/v2\/users\/2476"}],"replies":[{"embeddable":true,"href":"https:\/\/encuentroinformativo.com.mx\/index.php?rest_route=%2Fwp%2Fv2%2Fcomments&post=37972"}],"version-history":[{"count":1,"href":"https:\/\/encuentroinformativo.com.mx\/index.php?rest_route=\/wp\/v2\/posts\/37972\/revisions"}],"predecessor-version":[{"id":37975,"href":"https:\/\/encuentroinformativo.com.mx\/index.php?rest_route=\/wp\/v2\/posts\/37972\/revisions\/37975"}],"wp:featuredmedia":[{"embeddable":true,"href":"https:\/\/encuentroinformativo.com.mx\/index.php?rest_route=\/wp\/v2\/media\/37973"}],"wp:attachment":[{"href":"https:\/\/encuentroinformativo.com.mx\/index.php?rest_route=%2Fwp%2Fv2%2Fmedia&parent=37972"}],"wp:term":[{"taxonomy":"category","embeddable":true,"href":"https:\/\/encuentroinformativo.com.mx\/index.php?rest_route=%2Fwp%2Fv2%2Fcategories&post=37972"},{"taxonomy":"post_tag","embeddable":true,"href":"https:\/\/encuentroinformativo.com.mx\/index.php?rest_route=%2Fwp%2Fv2%2Ftags&post=37972"}],"curies":[{"name":"wp","href":"https:\/\/api.w.org\/{rel}","templated":true}]}}