{"id":3799,"date":"2020-07-02T15:01:00","date_gmt":"2020-07-02T20:01:00","guid":{"rendered":"https:\/\/encuentroinformativo.com\/?p=3799"},"modified":"2020-07-02T15:01:02","modified_gmt":"2020-07-02T20:01:02","slug":"celebra-canaco-ausencia-de-marchas","status":"publish","type":"post","link":"https:\/\/encuentroinformativo.com.mx\/?p=3799","title":{"rendered":"Celebra CANACO ausencia de marchas"},"content":{"rendered":"\n<p><strong>Dar\u00edo Pale <\/strong><\/p>\n\n\n\n<p>Xalapa, Ver.- Despu\u00e9s de realizar un recorrido por las calles donde se realizar\u00eda la marcha no pac\u00edfica el presidente de la C\u00e1mara Nacional de Comercio y Servicios Tur\u00edsticos (CANACO-SERVITUR) en Xalapa, Bernardo Mart\u00ednez R\u00edos se\u00f1al\u00f3 \u00a0que desconocen qui\u00e9n convoc\u00f3 a dicha marcha y que supuestamente se llevar\u00eda a cabo este jueves.<\/p>\n\n\n\n<p>Entrevistado en las calles del centro de Xalapa, el l\u00edder empresarial, afirm\u00f3 que los agremiados a la C\u00e1mara definieron desde que se dio a conocer la noticia, que no participar\u00edan, ademas de que solicitaron el apoyo de las autoriza estatales y municipales para que resguardar\u00e1n la seguridad de los comercios y la ciudadan\u00eda.<\/p>\n\n\n\n<p>&#8220;No estaban de acuerdo en esta manera de manifestarse, y lo que nosotros les ofrecimos como c\u00e1mara, fue el di\u00e1logo con la autoridad y en esa postura nos mantuvimos&#8221;, se\u00f1al\u00f3.<\/p>\n\n\n\n<p>Es por ello que aplaudi\u00f3 que se haya cancelado o que no se haya llevado a cabo est\u00e1 marcha que se pens\u00f3 ser\u00eda violenta, ya que incluso salieron decenas de elementos antimotines o granaderos para evitar cualquier desm\u00e1n.<\/p>\n\n\n\n<p>\u201cLo aplaudimos no s\u00f3lo por el comercio, sino por toda la ciudad. Hoy cerraron algunos comercios a como est\u00e1n las cosas que ya conocen, es agregar a una situaci\u00f3n que de por s\u00ed es dif\u00edcil y complicada&#8221;, finaliz\u00f3.<\/p>\n\n\n\n<p><\/p>\n","protected":false},"excerpt":{"rendered":"<p>Dar\u00edo Pale Xalapa, Ver.- Despu\u00e9s de realizar un recorrido por las calles donde se realizar\u00eda la marcha no pac\u00edfica el presidente de la C\u00e1mara Nacional de Comercio y Servicios Tur\u00edsticos (CANACO-SERVITUR) en Xalapa, Bernardo Mart\u00ednez R\u00edos se\u00f1al\u00f3 \u00a0que desconocen qui\u00e9n convoc\u00f3 a dicha marcha y que supuestamente se llevar\u00eda a cabo este jueves. Entrevistado en [&hellip;]<\/p>\n","protected":false},"author":1,"featured_media":3800,"comment_status":"open","ping_status":"open","sticky":false,"template":"","format":"standard","meta":{"_jetpack_memberships_contains_paid_content":false,"footnotes":""},"categories":[3],"tags":[],"class_list":["post-3799","post","type-post","status-publish","format-standard","has-post-thumbnail","hentry","category-xalapa"],"jetpack_featured_media_url":"https:\/\/encuentroinformativo.com.mx\/wp-content\/uploads\/2020\/07\/669C837B-B863-4C8B-8430-C9E16D7A5898.jpeg","jetpack_sharing_enabled":true,"jetpack_likes_enabled":true,"amp_enabled":true,"_links":{"self":[{"href":"https:\/\/encuentroinformativo.com.mx\/index.php?rest_route=\/wp\/v2\/posts\/3799","targetHints":{"allow":["GET"]}}],"collection":[{"href":"https:\/\/encuentroinformativo.com.mx\/index.php?rest_route=\/wp\/v2\/posts"}],"about":[{"href":"https:\/\/encuentroinformativo.com.mx\/index.php?rest_route=\/wp\/v2\/types\/post"}],"author":[{"embeddable":true,"href":"https:\/\/encuentroinformativo.com.mx\/index.php?rest_route=\/wp\/v2\/users\/1"}],"replies":[{"embeddable":true,"href":"https:\/\/encuentroinformativo.com.mx\/index.php?rest_route=%2Fwp%2Fv2%2Fcomments&post=3799"}],"version-history":[{"count":1,"href":"https:\/\/encuentroinformativo.com.mx\/index.php?rest_route=\/wp\/v2\/posts\/3799\/revisions"}],"predecessor-version":[{"id":3801,"href":"https:\/\/encuentroinformativo.com.mx\/index.php?rest_route=\/wp\/v2\/posts\/3799\/revisions\/3801"}],"wp:featuredmedia":[{"embeddable":true,"href":"https:\/\/encuentroinformativo.com.mx\/index.php?rest_route=\/wp\/v2\/media\/3800"}],"wp:attachment":[{"href":"https:\/\/encuentroinformativo.com.mx\/index.php?rest_route=%2Fwp%2Fv2%2Fmedia&parent=3799"}],"wp:term":[{"taxonomy":"category","embeddable":true,"href":"https:\/\/encuentroinformativo.com.mx\/index.php?rest_route=%2Fwp%2Fv2%2Fcategories&post=3799"},{"taxonomy":"post_tag","embeddable":true,"href":"https:\/\/encuentroinformativo.com.mx\/index.php?rest_route=%2Fwp%2Fv2%2Ftags&post=3799"}],"curies":[{"name":"wp","href":"https:\/\/api.w.org\/{rel}","templated":true}]}}