{"id":38004,"date":"2023-03-14T20:10:19","date_gmt":"2023-03-15T02:10:19","guid":{"rendered":"https:\/\/encuentroinformativo.com.mx\/?p=38004"},"modified":"2023-03-14T20:10:24","modified_gmt":"2023-03-15T02:10:24","slug":"ssp-habria-encontrado-el-cuerpo-de-empresarios-desaparecido-en-veracruz-puerto","status":"publish","type":"post","link":"https:\/\/encuentroinformativo.com.mx\/?p=38004","title":{"rendered":"SSP habr\u00eda encontrado el cuerpo de empresarios desaparecido en Veracruz puerto"},"content":{"rendered":"\n<p><strong>Alejandro \u00c1vila<\/strong><\/p>\n\n\n\n<p>Veracruz, Ver.- Elementos de la Secretar\u00eda de Seguridad P\u00fablica hallaron el cuerpo de una persona en los l\u00edmites del fraccionamiento Geovillas del puerto; los primeros reportes indican que podr\u00eda tratarse del cad\u00e1ver del empresario transportista que fue reportado como desaparecido hace dos d\u00edas.<\/p>\n\n\n\n<p>Un vecino de la zona fue quien alert\u00f3 de manera an\u00f3nima al 911 sobre la presencia de un cuerpo justo en la vereda donde culmina la Unidad Habitacional; justo en la esquina de la calle Proteus y Playas del Mar.<\/p>\n\n\n\n<p>Hasta esa direcci\u00f3n se trasladaron los elementos de la Polic\u00eda Estatal y Municipal, donde luego de realizar una r\u00e1pida inspecci\u00f3n en el lugar pudieron confirmar la presencia del hombre sin vida.<\/p>\n\n\n\n<p>De manera a\u00fan extraoficial, trascendi\u00f3 que el agraviado ser\u00eda el empresario transportista identificado como Germ\u00e1n M. G. de 62 a\u00f1os de edad, reportado como desaparecido desde el pasado 12 de marzo.<\/p>\n\n\n\n<p>Momentos despu\u00e9s tambi\u00e9n acudi\u00f3 personal de la Direcci\u00f3n General de Servicios Periciales para internarse en la escena asegurada y donde pudieron confirmar que el agraviado ya presentaba huellas significativas de descomposici\u00f3n.<\/p>\n","protected":false},"excerpt":{"rendered":"<p>Alejandro \u00c1vila Veracruz, Ver.- Elementos de la Secretar\u00eda de Seguridad P\u00fablica hallaron el cuerpo de una persona en los l\u00edmites del fraccionamiento Geovillas del puerto; los primeros reportes indican que podr\u00eda tratarse del cad\u00e1ver del empresario transportista que fue reportado como desaparecido hace dos d\u00edas. Un vecino de la zona fue quien alert\u00f3 de manera [&hellip;]<\/p>\n","protected":false},"author":2476,"featured_media":38005,"comment_status":"open","ping_status":"open","sticky":false,"template":"","format":"standard","meta":{"_jetpack_memberships_contains_paid_content":false,"footnotes":""},"categories":[14],"tags":[],"class_list":["post-38004","post","type-post","status-publish","format-standard","has-post-thumbnail","hentry","category-policiaca"],"jetpack_featured_media_url":"https:\/\/encuentroinformativo.com.mx\/wp-content\/uploads\/2023\/03\/IMG-20230314-WA0111.jpg","jetpack_sharing_enabled":true,"jetpack_likes_enabled":true,"amp_enabled":true,"_links":{"self":[{"href":"https:\/\/encuentroinformativo.com.mx\/index.php?rest_route=\/wp\/v2\/posts\/38004","targetHints":{"allow":["GET"]}}],"collection":[{"href":"https:\/\/encuentroinformativo.com.mx\/index.php?rest_route=\/wp\/v2\/posts"}],"about":[{"href":"https:\/\/encuentroinformativo.com.mx\/index.php?rest_route=\/wp\/v2\/types\/post"}],"author":[{"embeddable":true,"href":"https:\/\/encuentroinformativo.com.mx\/index.php?rest_route=\/wp\/v2\/users\/2476"}],"replies":[{"embeddable":true,"href":"https:\/\/encuentroinformativo.com.mx\/index.php?rest_route=%2Fwp%2Fv2%2Fcomments&post=38004"}],"version-history":[{"count":1,"href":"https:\/\/encuentroinformativo.com.mx\/index.php?rest_route=\/wp\/v2\/posts\/38004\/revisions"}],"predecessor-version":[{"id":38006,"href":"https:\/\/encuentroinformativo.com.mx\/index.php?rest_route=\/wp\/v2\/posts\/38004\/revisions\/38006"}],"wp:featuredmedia":[{"embeddable":true,"href":"https:\/\/encuentroinformativo.com.mx\/index.php?rest_route=\/wp\/v2\/media\/38005"}],"wp:attachment":[{"href":"https:\/\/encuentroinformativo.com.mx\/index.php?rest_route=%2Fwp%2Fv2%2Fmedia&parent=38004"}],"wp:term":[{"taxonomy":"category","embeddable":true,"href":"https:\/\/encuentroinformativo.com.mx\/index.php?rest_route=%2Fwp%2Fv2%2Fcategories&post=38004"},{"taxonomy":"post_tag","embeddable":true,"href":"https:\/\/encuentroinformativo.com.mx\/index.php?rest_route=%2Fwp%2Fv2%2Ftags&post=38004"}],"curies":[{"name":"wp","href":"https:\/\/api.w.org\/{rel}","templated":true}]}}