{"id":38010,"date":"2023-03-14T20:21:31","date_gmt":"2023-03-15T02:21:31","guid":{"rendered":"https:\/\/encuentroinformativo.com.mx\/?p=38010"},"modified":"2023-03-14T20:21:34","modified_gmt":"2023-03-15T02:21:34","slug":"a-13-anos-familiares-siguen-sin-rastro-de-ivanhoe-mass","status":"publish","type":"post","link":"https:\/\/encuentroinformativo.com.mx\/?p=38010","title":{"rendered":"A 13 a\u00f1os, familiares siguen sin rastro de Ivanhoe Mass"},"content":{"rendered":"\n<p><strong>Juan Arcos <\/strong><\/p>\n\n\n\n<p>Xalapa, Ver.- Ivanhoe Mass Gonz\u00e1lez cumpli\u00f3 13 a\u00f1os desaparecido. Sus cuatro hermanos protestaron frente al Palacio de Gobierno, en esta ciudad de Xalapa, para exigir a las autoridades que haya avances en las investigaciones y garanticen su localizaci\u00f3n.<\/p>\n\n\n\n<p>Ivanhoe y su amiga Ramona Rosal\u00eda Hern\u00e1ndez \u00c1vila se extraviaron desde el 14 de marzo de 2010. Seg\u00fan testigos, fueron detenidos por polic\u00edas cuando se encontraban en la playa \u201cLa Bamba\u201d, en el puerto de Veracruz.<\/p>\n\n\n\n<p>De acuerdo con Zendi Mass Gonz\u00e1lez, las autoridades de la Fiscal\u00eda General del Estado (FGE) les dicen siempre lo mismo: \u201cQue no hay avances en las investigaciones y que no se sabe sobre su paradero\u201d.<\/p>\n\n\n\n<p>La tarde de este martes 14 de marzo, los integrantes del Colectivo por la Paz se plantaron sobre Plaza Sebasti\u00e1n Lerdo de Tejada, en la zona centro de la capital veracruzana, donde dijeron que a\u00fan tienen la esperanza de encontrarlo con vida.<\/p>\n\n\n\n<p>\u201cLo poco que se sabe es porque mi mam\u00e1 (Sara Gonz\u00e1lez Rodr\u00edguez) ha investigado. Yo pido que nos den respuestas verdaderas y certeras acerca del paradero de Ivanhoe Mass Gonz\u00e1lez, que nos sigan exactamente qu\u00e9 pas\u00f3 y acerca de las personas que est\u00e1n detenidas, por su desaparici\u00f3n ojal\u00e1 pudieran hablar, sensibilizar su coraz\u00f3n y decirnos d\u00f3nde est\u00e1n\u201d, expres\u00f3 Zendi.<\/p>\n\n\n\n<p>La familia sabe que Ivanhoe y Ramona viajaron ese domingo temprano a la playa para convivir. \u00c9l deb\u00eda regresar a m\u00e1s tardar a las dos de la tarde, pero no volvi\u00f3. Comenzaron a llamarlo y su celular timbraba pero no respond\u00eda.<\/p>\n\n\n\n<p>Despu\u00e9s de tres d\u00edas, supieron que Ivanhoe hizo llamadas de auxilio porque los palaperos de la zona estaban cobr\u00e1ndoles una cuenta por productos que no consumieron y que pretend\u00edan obligarlos a pagar.<\/p>\n\n\n\n<p>\u201cLes exig\u00edan que pagaran un dinero por algo que no hab\u00edan consumido. Se juntaron palaperos y franeleros, empezaron a hacer borlote. \u00c9l (Ivanhoe) hace un llamado al C4, mandan unas patrullas, los vecinos, lo que vieron, es lo que mi mam\u00e1 investiga. Hay gente que vio que se los llevaron en unas patrullas\u201d, enfatiz\u00f3.<\/p>\n\n\n\n<p>Sus hermanos tambi\u00e9n han acompa\u00f1ado a su madre Sara Gonz\u00e1lez Rodr\u00edguez en la b\u00fasqueda de Ivanhoe en fosas clandestinas, pero hasta el momento no hay indicios de su paradero.<\/p>\n\n\n\n<p>\u201cSu familia no hemos dejado de buscarlo. Cada vez que podemos nos manifestamos o salimos con el Colectivo por la Paz Xalapa. Hemos hecho excavaciones cuando nos enteramos que hay fosas clandestinas, hemos ido a penales, nosocomios, psiqui\u00e1tricos\u201d, refiri\u00f3 Zendi.<\/p>\n\n\n\n<p>Incluso, han viajado hasta a Hermosillo, Sonora, para buscarlo, pues tienen la esperanza de encontrarlo \u201cdeambulando\u201d por alg\u00fan lugar.<\/p>\n\n\n\n<p>\u201cVarios polic\u00edas fueron detenidos por este caso, pero solo uno sigue en prisi\u00f3n y no ha dicho nada sobre el paradero de ninguno de los dos\u201d, lament\u00f3 la hermana de Ivanhoe.<\/p>\n","protected":false},"excerpt":{"rendered":"<p>Juan Arcos Xalapa, Ver.- Ivanhoe Mass Gonz\u00e1lez cumpli\u00f3 13 a\u00f1os desaparecido. Sus cuatro hermanos protestaron frente al Palacio de Gobierno, en esta ciudad de Xalapa, para exigir a las autoridades que haya avances en las investigaciones y garanticen su localizaci\u00f3n. Ivanhoe y su amiga Ramona Rosal\u00eda Hern\u00e1ndez \u00c1vila se extraviaron desde el 14 de marzo [&hellip;]<\/p>\n","protected":false},"author":2476,"featured_media":38011,"comment_status":"open","ping_status":"open","sticky":false,"template":"","format":"standard","meta":{"_jetpack_memberships_contains_paid_content":false,"footnotes":""},"categories":[2],"tags":[],"class_list":["post-38010","post","type-post","status-publish","format-standard","has-post-thumbnail","hentry","category-estado"],"jetpack_featured_media_url":"https:\/\/encuentroinformativo.com.mx\/wp-content\/uploads\/2023\/03\/IMG_6430.jpg","jetpack_sharing_enabled":true,"jetpack_likes_enabled":true,"amp_enabled":true,"_links":{"self":[{"href":"https:\/\/encuentroinformativo.com.mx\/index.php?rest_route=\/wp\/v2\/posts\/38010","targetHints":{"allow":["GET"]}}],"collection":[{"href":"https:\/\/encuentroinformativo.com.mx\/index.php?rest_route=\/wp\/v2\/posts"}],"about":[{"href":"https:\/\/encuentroinformativo.com.mx\/index.php?rest_route=\/wp\/v2\/types\/post"}],"author":[{"embeddable":true,"href":"https:\/\/encuentroinformativo.com.mx\/index.php?rest_route=\/wp\/v2\/users\/2476"}],"replies":[{"embeddable":true,"href":"https:\/\/encuentroinformativo.com.mx\/index.php?rest_route=%2Fwp%2Fv2%2Fcomments&post=38010"}],"version-history":[{"count":1,"href":"https:\/\/encuentroinformativo.com.mx\/index.php?rest_route=\/wp\/v2\/posts\/38010\/revisions"}],"predecessor-version":[{"id":38012,"href":"https:\/\/encuentroinformativo.com.mx\/index.php?rest_route=\/wp\/v2\/posts\/38010\/revisions\/38012"}],"wp:featuredmedia":[{"embeddable":true,"href":"https:\/\/encuentroinformativo.com.mx\/index.php?rest_route=\/wp\/v2\/media\/38011"}],"wp:attachment":[{"href":"https:\/\/encuentroinformativo.com.mx\/index.php?rest_route=%2Fwp%2Fv2%2Fmedia&parent=38010"}],"wp:term":[{"taxonomy":"category","embeddable":true,"href":"https:\/\/encuentroinformativo.com.mx\/index.php?rest_route=%2Fwp%2Fv2%2Fcategories&post=38010"},{"taxonomy":"post_tag","embeddable":true,"href":"https:\/\/encuentroinformativo.com.mx\/index.php?rest_route=%2Fwp%2Fv2%2Ftags&post=38010"}],"curies":[{"name":"wp","href":"https:\/\/api.w.org\/{rel}","templated":true}]}}