{"id":38013,"date":"2023-03-14T22:14:49","date_gmt":"2023-03-15T04:14:49","guid":{"rendered":"https:\/\/encuentroinformativo.com.mx\/?p=38013"},"modified":"2023-03-14T22:14:52","modified_gmt":"2023-03-15T04:14:52","slug":"boca-del-rio-ejemplo-de-impulso-respeto-y-respaldo-a-las-mujeres-alcalde-jm-unanue","status":"publish","type":"post","link":"https:\/\/encuentroinformativo.com.mx\/?p=38013","title":{"rendered":"Boca del R\u00edo, ejemplo de impulso, respeto y respaldo a las mujeres: Alcalde JM Un\u00e1nue"},"content":{"rendered":"\n<p><strong>*<em>Este martes se present\u00f3 de manera oficial el programa \u201cPuntos Violeta\u201d, el cual vincula a inmuebles municipales y negocios del sector privado en Boca del R\u00edo<\/em>.<\/strong><\/p>\n\n\n\n<p><strong>*<em>Se cont\u00f3 con la presencia de Alessandra Rojo de la Vega, activista y defensora de los derechos de la mujer<\/em>.<\/strong><\/p>\n\n\n\n<p>Boca del R\u00edo, Ver.- Boca del R\u00edo avanza en el dise\u00f1o de nuevas pol\u00edticas p\u00fablicas buscando la generaci\u00f3n de conciencia, participaci\u00f3n y sensibilizaci\u00f3n en contra de la violencia de g\u00e9nero, con nuevos mecanismos que ayuden a la atenci\u00f3n, prevenci\u00f3n, denuncia y, en su caso, sanci\u00f3n a la violencia contra las mujeres.<\/p>\n\n\n\n<p>De manera oficial se present\u00f3 el programa municipal \u201cPuntos Violeta\u201d, \u00fanico en el estado de Veracruz y el cual vincula a las instituciones del orden p\u00fablico con la georreferencia de inmuebles municipales y la iniciativa privada para prestar informaci\u00f3n y atenci\u00f3n oportuna a cualquier situaci\u00f3n de riesgo que pueda presentar una mujer, adolescente o ni\u00f1a.<\/p>\n\n\n\n<p>El Alcalde Juan Manuel Un\u00e1nue Abascal recalc\u00f3 que estos \u201cPuntos Violeta\u201d son atendidos por personal capacitado, en tanto llega alguna autoridad de seguridad, alg\u00fan familiar o conocido.<\/p>\n\n\n\n<p>Dijo que en la primera etapa se pusieron en marcha los primeros 23 inmuebles municipales, sum\u00e1ndose ahora la iniciativa privada.<\/p>\n\n\n\n<p>\u201cAgradezco la solidaridad de los establecimientos que se han sumado a este proyecto para que en Boca del R\u00edo tengamos los primeros 60 Puntos Violeta y que sirven como ejemplo para ir sumando a m\u00e1s negocios en lo subsecuente\u201d, expres\u00f3.<\/p>\n\n\n\n<p>Con la presencia de la activista y defensora de los derechos de la mujer, Alessandra Rojo de la Vega, Un\u00e1nue Abascal le agradeci\u00f3 por su inspiraci\u00f3n y colaboraci\u00f3n en el impulso de los Puntos Violeta en el municipio.<\/p>\n\n\n\n<p>Destacando adem\u00e1s la confianza del sector empresarial y sus agremiados que se han sumado a las pol\u00edticas a favor de las mujeres.<\/p>\n\n\n\n<p>El edil enfatiz\u00f3 que Boca del R\u00edo cuenta con \u00edndices bajos de violencia en raz\u00f3n de g\u00e9nero, pero que el compromiso del actual gobierno municipal es que haya incidencia cero para ser una ciudad modelo que cuenta con espacios seguros y libres de violencia para mujeres y ni\u00f1as.<\/p>\n\n\n\n<p>Por su parte, Alessandra Rojo de la Vega se dijo contenta de dar el banderazo de salida a una acci\u00f3n que se concreta principalmente con voluntad, en la que gobierno, sociedad civil e iniciativa privada, abonan para que las mujeres est\u00e9n seguras con voluntad de servicio y empat\u00eda.<\/p>\n\n\n\n<p>\u201cQue las mujeres tengamos a donde ir en caso de que necesitemos resguardo y me da mucho orgullo que a la vez nos ayudan a difundir entre las mujeres las acciones, los tipos de violencia y los n\u00fameros de emergencia que son tan necesarios\u201d, detall\u00f3.<\/p>\n\n\n\n<p>Ante decenas de mujeres reunidas en el Foro Boca, Rojo de la Vega enfatiz\u00f3 que la implementaci\u00f3n de los Puntos Violeta es un sue\u00f1o hecho realidad, destacando, adem\u00e1s, el compromiso de Alcalde y la Presidenta del DIF Municipal.<\/p>\n\n\n\n<p>En su intervenci\u00f3n, Melina Rivera de Un\u00e1nue, Presidenta del DIF boque\u00f1o, se mostr\u00f3 contenta de que en Boca del R\u00edo las mujeres cuenten con m\u00e1s herramientas para que se sientan seguras y cuenten con zonas de resguardo en diversos puntos de la ciudad.<\/p>\n\n\n\n<p>Rivera de Un\u00e1nue fue la encargada de inaugurar la &#8220;Expo-Foro Mujeres Unidas Somos M\u00e1s Fuertes&#8221;, en la que se cont\u00f3 con ponencias, panel de opini\u00f3n y la conferencia magistral de Alessandra Rojo de la Vega, as\u00ed como de Lety Reyes -empresaria y fundadora de \u201cQui\u00e9rete que no duele\u201c, y Andrea Lerma, consultora de imagen y lifestyle entre otras destacadas panelistas.<\/p>\n\n\n\n<p>\u201cGracias a las personas que compraron su boleto, con esta acci\u00f3n apadrinaron a una universitaria para poder estar aqu\u00ed y tambi\u00e9n son madrinas para que mujeres puedan hacerse un estudio de Papanicolaou, esto es a lo que nosotras las mujeres llamamos sororidad\u201d, explic\u00f3.<\/p>\n\n\n\n<p>Finalmente, el Presidente Municipal, Juan Manuel Un\u00e1nue Abascal, se\u00f1al\u00f3 que Boca del R\u00edo trabaja una agenda igualitaria, de respeto y respaldo a las mujeres trabajadoras, madres, empresarias, cuidadoras y formadoras, que sin duda alguna hacen de nuestra ciudad lo mejor de Veracruz.<\/p>\n\n\n\n<p>Para m\u00e1s informaci\u00f3n, visite la p\u00e1gina oficial https:\/\/www.bocadelrio.gob.mx\/puntosvioleta\/<\/p>\n\n\n\n<p><em><strong>EMPRESAS PUNTOS VIOLETA<\/strong><\/em><\/p>\n\n\n\n<p>Darma Asesores Especializados, S.C., Moga Inmobiliaria, Ruda y Romero, Lorena Dom\u00ednguez, Papeler\u00eda Artesana de Coraz\u00f3n, Antojitos MIA, Caf\u00e9 Cocoa Boca del R\u00edo, Restaurante El Man\u00e1, El Sabor de Boca, Al\u00e9brico MX y Honcler.<\/p>\n\n\n\n<p>Adem\u00e1s de Restaurante La Luna Sul Mare, Quekas Chili, Maskcafe, Monna Beauty Bar, Sport Center Boca, El llagar restaurante de comida espa\u00f1ola, Pasteler\u00eda Champlitte, El tilingo lingo, Luxury Blinds, Deleite Helados y Caf\u00e9,<br>Pandoom comida china, Nsalada Mix, Hugo Pollo, Viridiana Tinoco, Andamar, Sofi Riganti Boutique y CAB.<\/p>\n\n\n\n<figure class=\"wp-block-image size-large\"><img loading=\"lazy\" decoding=\"async\" width=\"1024\" height=\"682\" src=\"https:\/\/encuentroinformativo.com.mx\/wp-content\/uploads\/2023\/03\/IMG-20230314-WA0118.jpg\" alt=\"\" class=\"wp-image-38015\" srcset=\"https:\/\/encuentroinformativo.com.mx\/wp-content\/uploads\/2023\/03\/IMG-20230314-WA0118.jpg 1024w, https:\/\/encuentroinformativo.com.mx\/wp-content\/uploads\/2023\/03\/IMG-20230314-WA0118-300x200.jpg 300w, https:\/\/encuentroinformativo.com.mx\/wp-content\/uploads\/2023\/03\/IMG-20230314-WA0118-768x512.jpg 768w\" sizes=\"auto, (max-width: 1024px) 100vw, 1024px\" \/><\/figure>\n","protected":false},"excerpt":{"rendered":"<p>*Este martes se present\u00f3 de manera oficial el programa \u201cPuntos Violeta\u201d, el cual vincula a inmuebles municipales y negocios del sector privado en Boca del R\u00edo. *Se cont\u00f3 con la presencia de Alessandra Rojo de la Vega, activista y defensora de los derechos de la mujer. Boca del R\u00edo, Ver.- Boca del R\u00edo avanza en [&hellip;]<\/p>\n","protected":false},"author":2476,"featured_media":38014,"comment_status":"open","ping_status":"open","sticky":false,"template":"","format":"standard","meta":{"_jetpack_memberships_contains_paid_content":false,"footnotes":""},"categories":[2],"tags":[],"class_list":["post-38013","post","type-post","status-publish","format-standard","has-post-thumbnail","hentry","category-estado"],"jetpack_featured_media_url":"https:\/\/encuentroinformativo.com.mx\/wp-content\/uploads\/2023\/03\/IMG-20230314-WA01162.jpg","jetpack_sharing_enabled":true,"jetpack_likes_enabled":true,"amp_enabled":true,"_links":{"self":[{"href":"https:\/\/encuentroinformativo.com.mx\/index.php?rest_route=\/wp\/v2\/posts\/38013","targetHints":{"allow":["GET"]}}],"collection":[{"href":"https:\/\/encuentroinformativo.com.mx\/index.php?rest_route=\/wp\/v2\/posts"}],"about":[{"href":"https:\/\/encuentroinformativo.com.mx\/index.php?rest_route=\/wp\/v2\/types\/post"}],"author":[{"embeddable":true,"href":"https:\/\/encuentroinformativo.com.mx\/index.php?rest_route=\/wp\/v2\/users\/2476"}],"replies":[{"embeddable":true,"href":"https:\/\/encuentroinformativo.com.mx\/index.php?rest_route=%2Fwp%2Fv2%2Fcomments&post=38013"}],"version-history":[{"count":1,"href":"https:\/\/encuentroinformativo.com.mx\/index.php?rest_route=\/wp\/v2\/posts\/38013\/revisions"}],"predecessor-version":[{"id":38016,"href":"https:\/\/encuentroinformativo.com.mx\/index.php?rest_route=\/wp\/v2\/posts\/38013\/revisions\/38016"}],"wp:featuredmedia":[{"embeddable":true,"href":"https:\/\/encuentroinformativo.com.mx\/index.php?rest_route=\/wp\/v2\/media\/38014"}],"wp:attachment":[{"href":"https:\/\/encuentroinformativo.com.mx\/index.php?rest_route=%2Fwp%2Fv2%2Fmedia&parent=38013"}],"wp:term":[{"taxonomy":"category","embeddable":true,"href":"https:\/\/encuentroinformativo.com.mx\/index.php?rest_route=%2Fwp%2Fv2%2Fcategories&post=38013"},{"taxonomy":"post_tag","embeddable":true,"href":"https:\/\/encuentroinformativo.com.mx\/index.php?rest_route=%2Fwp%2Fv2%2Ftags&post=38013"}],"curies":[{"name":"wp","href":"https:\/\/api.w.org\/{rel}","templated":true}]}}