{"id":38017,"date":"2023-03-15T09:56:06","date_gmt":"2023-03-15T15:56:06","guid":{"rendered":"https:\/\/encuentroinformativo.com.mx\/?p=38017"},"modified":"2023-03-15T09:56:10","modified_gmt":"2023-03-15T15:56:10","slug":"karen-victima-de-violencia-vicaria-en-veracruz-pide-justicia","status":"publish","type":"post","link":"https:\/\/encuentroinformativo.com.mx\/?p=38017","title":{"rendered":"Karen, v\u00edctima de violencia vicaria en Veracruz pide justicia"},"content":{"rendered":"\n<p><strong>Alejandro \u00c1vila<\/strong><\/p>\n\n\n\n<p>Veracruz, Ver.- Karen Paulina Arrieta Moore, v\u00edctima de violencia vicaria, est\u00e1 en espera de que un juzgado determine lo que suceder\u00e1 con su hija luego de que la retuviera su expareja Mauricio C.P.<\/p>\n\n\n\n<p>Este jueves 16 de marzo el Juez Cuarto de Distrito en orden federal dictaminar\u00e1 sentencia sobre un amparo revocado en lo civil a Mauricio C. P., persona acusada de presunta violencia vicaria y secuestro de una menor de edad.<\/p>\n\n\n\n<p>Karen Arrieta Moore originaria de Durango, relat\u00f3 que a finales del 2022 fue convencida con enga\u00f1os por su expareja para traer a la peque\u00f1a Catalina a la ciudad de Veracruz, bajo el argumento de la tristeza de sus abuelos por no convivir con la peque\u00f1a.<\/p>\n\n\n\n<p>Tras una semana de vivir en la ciudad fue corrida de la vivienda y obligada a separarse de su peque\u00f1a de apenas un a\u00f1o de edad (en ese momento), fue entonces cuando comenz\u00f3 su martirio.<\/p>\n\n\n\n<p>La madre de Catalina acudi\u00f3 inmediatamente a la Fiscal\u00eda Especializada de lo Familiar para interponer una denuncia; mientras que su expareja hizo un dep\u00f3sito de menor en el Juzgado D\u00e9cimo Cuarto del Familiar, donde se acusa al Juez, V\u00edctor Fern\u00e1ndez Luna, de acreditar esta situaci\u00f3n de forma ilegal, debido a que Karen contaba con la custodia de la peque\u00f1a.<\/p>\n\n\n\n<p>&#8220;Yo hago una s\u00faplica y un llamado, sobre todo al Juez Cuarto de Distrito, que es el que tiene hoy en d\u00eda mi caso despu\u00e9s del amparo que interpuso este se\u00f1or sobre su dep\u00f3sito revocado. Pues mi s\u00faplica es, sobre todo para salvaguardar la integridad de mi hija, ya que corre un peligro inminente bajo el cuidado de este se\u00f1or y su familia, ya que es tan solo una beb\u00e9 de un a\u00f1o seis meses de edad y necesita de su mam\u00e1, fue arrebatada de mis brazos muy peque\u00f1a, solo al a\u00f1o de edad, las autoridades tardan y atrasan mucho mi situaci\u00f3n, y lo \u00fanico que pido es que se haga justicia&#8221;, se\u00f1al\u00f3 Karen.<\/p>\n\n\n\n<p>La v\u00edctima recuerda que en el 2020 sostuvo una breve relaci\u00f3n con el padre de su hija, la cual mencion\u00f3 no prosper\u00f3 debido a conductas violentas y agresivas sobre su persona, incluso, dijo que estando embarazada ejerci\u00f3 violencia f\u00edsica y psicol\u00f3gicamente en contra de ella, y poniendo en riesgo a su propia hija, toda vez que en una ocasi\u00f3n (embarazada) la quiso bajar del autom\u00f3vil en marcha tras una pelea.<\/p>\n\n\n\n<p>Karen denunci\u00f3 que en la Fiscal\u00eda Especializada de lo Familiar han hecho caso omiso de sus s\u00faplicas, aunado a ello, cambiaron las fechas de la carpeta de investigaci\u00f3n y extraviaron documentos importantes del caso, a sabiendas del riesgo de correr la peque\u00f1a Catalina; a pesar de haberle revocado el dep\u00f3sito al padre de su hija, a Karen solo le permiten convivencia supervisadas en el Centro de Convivencia Familiar (CECOFAM).<\/p>\n\n\n\n<p>Karen mencion\u00f3 que su primer visita al CECOFAM encontr\u00f3 a su peque\u00f1a con lesiones internas y externas en sus partes \u00edntimas, y solicit\u00f3 a las autoridades una atenci\u00f3n especial a la peque\u00f1a debido a los antecedentes de violencia de su padre y su familia; incluso ex parejas de Mauricio C.P. qui\u00e9nes tambi\u00e9n fueron v\u00edctimas de violencia, se han acercado a Karen para brindarle su apoyo.<\/p>\n\n\n\n<p>&#8220;El 28 de marzo tengo una audiencia penal, sobre mis denuncias de sustracci\u00f3n de menor y violencia familiar, ah\u00ed en la Fiscal\u00eda Especializada de lo Familiar ah\u00ed en Vistamar, tambi\u00e9n ah\u00ed va a ser vinculado a proceso si las autoridades act\u00faan como debe ser&#8221;, remat\u00f3.<\/p>\n","protected":false},"excerpt":{"rendered":"<p>Alejandro \u00c1vila Veracruz, Ver.- Karen Paulina Arrieta Moore, v\u00edctima de violencia vicaria, est\u00e1 en espera de que un juzgado determine lo que suceder\u00e1 con su hija luego de que la retuviera su expareja Mauricio C.P. Este jueves 16 de marzo el Juez Cuarto de Distrito en orden federal dictaminar\u00e1 sentencia sobre un amparo revocado en [&hellip;]<\/p>\n","protected":false},"author":2476,"featured_media":38018,"comment_status":"open","ping_status":"open","sticky":false,"template":"","format":"standard","meta":{"_jetpack_memberships_contains_paid_content":false,"footnotes":""},"categories":[2],"tags":[],"class_list":["post-38017","post","type-post","status-publish","format-standard","has-post-thumbnail","hentry","category-estado"],"jetpack_featured_media_url":"https:\/\/encuentroinformativo.com.mx\/wp-content\/uploads\/2023\/03\/IMG-20230315-WA0007.jpg","jetpack_sharing_enabled":true,"jetpack_likes_enabled":true,"amp_enabled":true,"_links":{"self":[{"href":"https:\/\/encuentroinformativo.com.mx\/index.php?rest_route=\/wp\/v2\/posts\/38017","targetHints":{"allow":["GET"]}}],"collection":[{"href":"https:\/\/encuentroinformativo.com.mx\/index.php?rest_route=\/wp\/v2\/posts"}],"about":[{"href":"https:\/\/encuentroinformativo.com.mx\/index.php?rest_route=\/wp\/v2\/types\/post"}],"author":[{"embeddable":true,"href":"https:\/\/encuentroinformativo.com.mx\/index.php?rest_route=\/wp\/v2\/users\/2476"}],"replies":[{"embeddable":true,"href":"https:\/\/encuentroinformativo.com.mx\/index.php?rest_route=%2Fwp%2Fv2%2Fcomments&post=38017"}],"version-history":[{"count":1,"href":"https:\/\/encuentroinformativo.com.mx\/index.php?rest_route=\/wp\/v2\/posts\/38017\/revisions"}],"predecessor-version":[{"id":38019,"href":"https:\/\/encuentroinformativo.com.mx\/index.php?rest_route=\/wp\/v2\/posts\/38017\/revisions\/38019"}],"wp:featuredmedia":[{"embeddable":true,"href":"https:\/\/encuentroinformativo.com.mx\/index.php?rest_route=\/wp\/v2\/media\/38018"}],"wp:attachment":[{"href":"https:\/\/encuentroinformativo.com.mx\/index.php?rest_route=%2Fwp%2Fv2%2Fmedia&parent=38017"}],"wp:term":[{"taxonomy":"category","embeddable":true,"href":"https:\/\/encuentroinformativo.com.mx\/index.php?rest_route=%2Fwp%2Fv2%2Fcategories&post=38017"},{"taxonomy":"post_tag","embeddable":true,"href":"https:\/\/encuentroinformativo.com.mx\/index.php?rest_route=%2Fwp%2Fv2%2Ftags&post=38017"}],"curies":[{"name":"wp","href":"https:\/\/api.w.org\/{rel}","templated":true}]}}