{"id":38023,"date":"2023-03-15T10:47:55","date_gmt":"2023-03-15T16:47:55","guid":{"rendered":"https:\/\/encuentroinformativo.com.mx\/?p=38023"},"modified":"2023-03-15T10:47:59","modified_gmt":"2023-03-15T16:47:59","slug":"cambian-a-director-de-transito-en-boca-del-rio","status":"publish","type":"post","link":"https:\/\/encuentroinformativo.com.mx\/?p=38023","title":{"rendered":"Cambian a director de Tr\u00e1nsito en Boca del R\u00edo"},"content":{"rendered":"\n<p><strong>Alejandro \u00c1vila<\/strong><\/p>\n\n\n\n<p>Boca del R\u00edo, Ver.- La direcci\u00f3n de Tr\u00e1nsito del municipio de Boca del R\u00edo renov\u00f3 a su titular, un nuevo mando castrense se har\u00e1 cargo de la dependencia municipal, se trata de Arturo Garc\u00eda Torres, qui\u00e9n suplir\u00e1 a Jesper Jovanni P\u00e9rez Azamar.<\/p>\n\n\n\n<p>Fue el pasado 9 de marzo cuando el elemento de la Secretar\u00eda de Marina se present\u00f3 en unas instalaciones de tr\u00e1nsito municipal de Boca del R\u00edo ubicadas sobre el bulevar Miguel Alem\u00e1n, para informar que a partir de ese momento se har\u00eda cargo de las oficinas.<\/p>\n\n\n\n<p>Jesper Jovanni P\u00e9rez Azamar a diferencia de eso antecesor dej\u00f3 la direcci\u00f3n en buenos t\u00e9rminos, de manera extraoficial se pudo conocer que la Secretar\u00eda de Marina coloc\u00f3 al mando castrense en otro punto de la Rep\u00fablica Mexicana donde ahora necesitaban sus servicios.<\/p>\n\n\n\n<p>Cabe recordar que P\u00e9rez Azamar lleg\u00f3 al cargo en junio del 2021 para suplir a Luis Fernando Garc\u00eda S\u00e1nchez, tambi\u00e9n elemento de la Secretar\u00eda de Marina que mantiene carpetas de investigaci\u00f3n (UIPJ\/DXVII\/5\/656\/2021) abiertas por presunto acoso sexual y laboral.<\/p>\n\n\n\n<p>Durante la presencia de Jesper Jovanni P\u00e9rez Azamar, la direcci\u00f3n de tr\u00e1nsito retom\u00f3 el rumbo y se convirti\u00f3 en una de las mejores de la entidad veracruzana, respaldadas por el alcalde, Juan Manuel Unanue Abascal.<\/p>\n","protected":false},"excerpt":{"rendered":"<p>Alejandro \u00c1vila Boca del R\u00edo, Ver.- La direcci\u00f3n de Tr\u00e1nsito del municipio de Boca del R\u00edo renov\u00f3 a su titular, un nuevo mando castrense se har\u00e1 cargo de la dependencia municipal, se trata de Arturo Garc\u00eda Torres, qui\u00e9n suplir\u00e1 a Jesper Jovanni P\u00e9rez Azamar. Fue el pasado 9 de marzo cuando el elemento de la [&hellip;]<\/p>\n","protected":false},"author":2476,"featured_media":38024,"comment_status":"open","ping_status":"open","sticky":false,"template":"","format":"standard","meta":{"_jetpack_memberships_contains_paid_content":false,"footnotes":""},"categories":[2],"tags":[],"class_list":["post-38023","post","type-post","status-publish","format-standard","has-post-thumbnail","hentry","category-estado"],"jetpack_featured_media_url":"https:\/\/encuentroinformativo.com.mx\/wp-content\/uploads\/2023\/03\/IMG-20230315-WA0017.jpg","jetpack_sharing_enabled":true,"jetpack_likes_enabled":true,"amp_enabled":true,"_links":{"self":[{"href":"https:\/\/encuentroinformativo.com.mx\/index.php?rest_route=\/wp\/v2\/posts\/38023","targetHints":{"allow":["GET"]}}],"collection":[{"href":"https:\/\/encuentroinformativo.com.mx\/index.php?rest_route=\/wp\/v2\/posts"}],"about":[{"href":"https:\/\/encuentroinformativo.com.mx\/index.php?rest_route=\/wp\/v2\/types\/post"}],"author":[{"embeddable":true,"href":"https:\/\/encuentroinformativo.com.mx\/index.php?rest_route=\/wp\/v2\/users\/2476"}],"replies":[{"embeddable":true,"href":"https:\/\/encuentroinformativo.com.mx\/index.php?rest_route=%2Fwp%2Fv2%2Fcomments&post=38023"}],"version-history":[{"count":1,"href":"https:\/\/encuentroinformativo.com.mx\/index.php?rest_route=\/wp\/v2\/posts\/38023\/revisions"}],"predecessor-version":[{"id":38025,"href":"https:\/\/encuentroinformativo.com.mx\/index.php?rest_route=\/wp\/v2\/posts\/38023\/revisions\/38025"}],"wp:featuredmedia":[{"embeddable":true,"href":"https:\/\/encuentroinformativo.com.mx\/index.php?rest_route=\/wp\/v2\/media\/38024"}],"wp:attachment":[{"href":"https:\/\/encuentroinformativo.com.mx\/index.php?rest_route=%2Fwp%2Fv2%2Fmedia&parent=38023"}],"wp:term":[{"taxonomy":"category","embeddable":true,"href":"https:\/\/encuentroinformativo.com.mx\/index.php?rest_route=%2Fwp%2Fv2%2Fcategories&post=38023"},{"taxonomy":"post_tag","embeddable":true,"href":"https:\/\/encuentroinformativo.com.mx\/index.php?rest_route=%2Fwp%2Fv2%2Ftags&post=38023"}],"curies":[{"name":"wp","href":"https:\/\/api.w.org\/{rel}","templated":true}]}}