{"id":38028,"date":"2023-03-15T11:43:37","date_gmt":"2023-03-15T17:43:37","guid":{"rendered":"https:\/\/encuentroinformativo.com.mx\/?p=38028"},"modified":"2023-03-15T11:43:41","modified_gmt":"2023-03-15T17:43:41","slug":"por-semana-santa-esperan-alta-afluencia-de-visitantes-en-salto-de-eyipantla","status":"publish","type":"post","link":"https:\/\/encuentroinformativo.com.mx\/?p=38028","title":{"rendered":"Por Semana Santa, esperan alta afluencia de visitantes en Salto de Eyipantla"},"content":{"rendered":"\n<p><strong>Alejandro \u00c1vila<\/strong><\/p>\n\n\n\n<p>San Andr\u00e9s Tuxtla, Ver.- El Salto de Eyipantla uno de los atractivos tur\u00edsticos m\u00e1s importantes de la zona de Los Tuxtlas en la entidad veracruzana, ha ido recuperando poco a poco su potencial de visitas tras la pandemia.<\/p>\n\n\n\n<p>Jos\u00e9 Luis, uno de los vendedores en la reserva ecol\u00f3gica, relat\u00f3 que durante la pandemia sufrieron poco m\u00e1s de un a\u00f1o, pues el sitio fue cerrado para la visita de turistas, por lo que tuvieron que buscar empleo en otros estados de la rep\u00fablica.<\/p>\n\n\n\n<p>&#8220;Nos afect\u00f3 casi un a\u00f1o, y apenas tiene como seis o siete meses que la gente empieza a llegar, poco pero empieza a llegar (\u2026) somos comerciantes y el a\u00f1o que nos afect\u00f3 pues tuvimos que trabajar por fuera, porque aqu\u00ed pr\u00e1cticamente se cerr\u00f3 todo el \u00e1rea del Salto (\u2026) por M\u00e9xico, Monterrey, aunque hab\u00eda poco trabajo pues tuvimos que laborar por all\u00e1&#8221;, mencion\u00f3 Jos\u00e9 Luis.<\/p>\n\n\n\n<p>A pocos d\u00edas de iniciar la Semana Santa, una de las \u00e9pocas de m\u00e1s afluencia tur\u00edstica, se estima que reciban entre 200 y 300 visitantes por d\u00eda; donde, adem\u00e1s de la caminata por la reserva ecol\u00f3gica, la vista de la cascada, tambi\u00e9n pueden aprovechar las albercas y ba\u00f1os gratuitos por los 30 pesos que cuesta la entrada.<\/p>\n\n\n\n<p>&#8220;Fines de semana, Semana Santa, las fiestas de junio &#8211; julio, y diciembre, lo bueno para nosotros (\u2026) lo que es Catemaco,&nbsp; Montep\u00edo, y aqu\u00ed el Salto de Eyipantla&#8221;, remat\u00f3.<\/p>\n","protected":false},"excerpt":{"rendered":"<p>Alejandro \u00c1vila San Andr\u00e9s Tuxtla, Ver.- El Salto de Eyipantla uno de los atractivos tur\u00edsticos m\u00e1s importantes de la zona de Los Tuxtlas en la entidad veracruzana, ha ido recuperando poco a poco su potencial de visitas tras la pandemia. Jos\u00e9 Luis, uno de los vendedores en la reserva ecol\u00f3gica, relat\u00f3 que durante la pandemia [&hellip;]<\/p>\n","protected":false},"author":2476,"featured_media":38029,"comment_status":"open","ping_status":"open","sticky":false,"template":"","format":"standard","meta":{"_jetpack_memberships_contains_paid_content":false,"footnotes":""},"categories":[2],"tags":[],"class_list":["post-38028","post","type-post","status-publish","format-standard","has-post-thumbnail","hentry","category-estado"],"jetpack_featured_media_url":"https:\/\/encuentroinformativo.com.mx\/wp-content\/uploads\/2023\/03\/IMG-20230315-WA0019.jpg","jetpack_sharing_enabled":true,"jetpack_likes_enabled":true,"amp_enabled":true,"_links":{"self":[{"href":"https:\/\/encuentroinformativo.com.mx\/index.php?rest_route=\/wp\/v2\/posts\/38028","targetHints":{"allow":["GET"]}}],"collection":[{"href":"https:\/\/encuentroinformativo.com.mx\/index.php?rest_route=\/wp\/v2\/posts"}],"about":[{"href":"https:\/\/encuentroinformativo.com.mx\/index.php?rest_route=\/wp\/v2\/types\/post"}],"author":[{"embeddable":true,"href":"https:\/\/encuentroinformativo.com.mx\/index.php?rest_route=\/wp\/v2\/users\/2476"}],"replies":[{"embeddable":true,"href":"https:\/\/encuentroinformativo.com.mx\/index.php?rest_route=%2Fwp%2Fv2%2Fcomments&post=38028"}],"version-history":[{"count":1,"href":"https:\/\/encuentroinformativo.com.mx\/index.php?rest_route=\/wp\/v2\/posts\/38028\/revisions"}],"predecessor-version":[{"id":38030,"href":"https:\/\/encuentroinformativo.com.mx\/index.php?rest_route=\/wp\/v2\/posts\/38028\/revisions\/38030"}],"wp:featuredmedia":[{"embeddable":true,"href":"https:\/\/encuentroinformativo.com.mx\/index.php?rest_route=\/wp\/v2\/media\/38029"}],"wp:attachment":[{"href":"https:\/\/encuentroinformativo.com.mx\/index.php?rest_route=%2Fwp%2Fv2%2Fmedia&parent=38028"}],"wp:term":[{"taxonomy":"category","embeddable":true,"href":"https:\/\/encuentroinformativo.com.mx\/index.php?rest_route=%2Fwp%2Fv2%2Fcategories&post=38028"},{"taxonomy":"post_tag","embeddable":true,"href":"https:\/\/encuentroinformativo.com.mx\/index.php?rest_route=%2Fwp%2Fv2%2Ftags&post=38028"}],"curies":[{"name":"wp","href":"https:\/\/api.w.org\/{rel}","templated":true}]}}