{"id":38044,"date":"2023-03-15T14:30:21","date_gmt":"2023-03-15T20:30:21","guid":{"rendered":"https:\/\/encuentroinformativo.com.mx\/?p=38044"},"modified":"2023-03-15T14:30:25","modified_gmt":"2023-03-15T20:30:25","slug":"ley-de-transito-es-obsoleta-acusan-transportistas","status":"publish","type":"post","link":"https:\/\/encuentroinformativo.com.mx\/?p=38044","title":{"rendered":"Ley de Tr\u00e1nsito es obsoleta, acusan transportistas"},"content":{"rendered":"\n<p><strong>Dar\u00edo Pale <\/strong><\/p>\n\n\n\n<p>Xalapa, Ver.- Ley 589 de Tr\u00e1nsito y Transporte para el estado de Veracruz, es obsoleta e inoperante, se debe dar paso a la Ley de Movilidad y armonizar leyes, as\u00ed lo se\u00f1al\u00f3 Tom\u00e1s Mar\u00edn Arellano, secretario ejecutivo de la Federaci\u00f3n Veracruzana de Transportistas.\u00a0<\/p>\n\n\n\n<p>En entrevistas se\u00f1al\u00f3 que, &#8220;est\u00e1 totalmente desfasada, no tiene ning\u00fan sentido, ning\u00fan principio, incluso, en cuesti\u00f3n de derechos humanos, fue creada en 2006&#8221;.\u00a0<\/p>\n\n\n\n<p>Por ello, indic\u00f3 que ese ordenamiento jur\u00eddico debe desaparecer y darle paso a la nueva Ley de Movilidad y Seguridad Vial.\u00a0<\/p>\n\n\n\n<p>&#8220;El Congreso del Estado ha sido omiso, la Ley General de Movilidad nacional en su art\u00edculo primero transitorio exige a las entidades federativas y les pone un plazo de 180 d\u00edas, a partir del 18 de mayo de 2022, para armonizar sus leyes&#8221;, se\u00f1al\u00f3.<\/p>\n\n\n\n<p>De manera que consider\u00f3 que el estado de Veracruz y el Congreso del Estado est\u00e1 cometiendo omisiones legislativas &#8220;relativas&#8221;.\u00a0<\/p>\n\n\n\n<p>En ese contexto, record\u00f3 que el procedimiento legislativo para regular el transporte p\u00fablico que se llev\u00f3 a cabo en 2013 fue &#8220;viciado&#8221;.<\/p>\n\n\n\n<p>&#8220;Porque los legisladores en turno, como Crivelli, Zepahua, no tuvieron que haber participado en la Comisi\u00f3n de Tr\u00e1nsito y Transporte, toda vez que ten\u00edan intereses&#8221;, coment\u00f3.<\/p>\n\n\n\n<p>Adem\u00e1s, dijo que el reglamento interior para el gobierno interior del Poder Legislativo proh\u00edbe que los legisladores participen, elaboren, firmen dict\u00e1menes cuando tienen intereses.<\/p>\n\n\n\n<p>&#8220;Como vemos, desde ah\u00ed hubo ya comisiones legislativas, dict\u00e1menes viciados y nos vendieron esa idea&#8221;.<\/p>\n\n\n\n<p>Finalmente dio a conocer que continuar\u00e1n con su lucha y acot\u00f3 que no ha habido ninguna reforma trascendental en la materia.<\/p>\n","protected":false},"excerpt":{"rendered":"<p>Dar\u00edo Pale Xalapa, Ver.- Ley 589 de Tr\u00e1nsito y Transporte para el estado de Veracruz, es obsoleta e inoperante, se debe dar paso a la Ley de Movilidad y armonizar leyes, as\u00ed lo se\u00f1al\u00f3 Tom\u00e1s Mar\u00edn Arellano, secretario ejecutivo de la Federaci\u00f3n Veracruzana de Transportistas.\u00a0 En entrevistas se\u00f1al\u00f3 que, &#8220;est\u00e1 totalmente desfasada, no tiene ning\u00fan [&hellip;]<\/p>\n","protected":false},"author":2476,"featured_media":38045,"comment_status":"open","ping_status":"open","sticky":false,"template":"","format":"standard","meta":{"_jetpack_memberships_contains_paid_content":false,"footnotes":""},"categories":[2],"tags":[],"class_list":["post-38044","post","type-post","status-publish","format-standard","has-post-thumbnail","hentry","category-estado"],"jetpack_featured_media_url":"https:\/\/encuentroinformativo.com.mx\/wp-content\/uploads\/2023\/03\/IMG-20230315-WA0033.jpg","jetpack_sharing_enabled":true,"jetpack_likes_enabled":true,"amp_enabled":true,"_links":{"self":[{"href":"https:\/\/encuentroinformativo.com.mx\/index.php?rest_route=\/wp\/v2\/posts\/38044","targetHints":{"allow":["GET"]}}],"collection":[{"href":"https:\/\/encuentroinformativo.com.mx\/index.php?rest_route=\/wp\/v2\/posts"}],"about":[{"href":"https:\/\/encuentroinformativo.com.mx\/index.php?rest_route=\/wp\/v2\/types\/post"}],"author":[{"embeddable":true,"href":"https:\/\/encuentroinformativo.com.mx\/index.php?rest_route=\/wp\/v2\/users\/2476"}],"replies":[{"embeddable":true,"href":"https:\/\/encuentroinformativo.com.mx\/index.php?rest_route=%2Fwp%2Fv2%2Fcomments&post=38044"}],"version-history":[{"count":1,"href":"https:\/\/encuentroinformativo.com.mx\/index.php?rest_route=\/wp\/v2\/posts\/38044\/revisions"}],"predecessor-version":[{"id":38046,"href":"https:\/\/encuentroinformativo.com.mx\/index.php?rest_route=\/wp\/v2\/posts\/38044\/revisions\/38046"}],"wp:featuredmedia":[{"embeddable":true,"href":"https:\/\/encuentroinformativo.com.mx\/index.php?rest_route=\/wp\/v2\/media\/38045"}],"wp:attachment":[{"href":"https:\/\/encuentroinformativo.com.mx\/index.php?rest_route=%2Fwp%2Fv2%2Fmedia&parent=38044"}],"wp:term":[{"taxonomy":"category","embeddable":true,"href":"https:\/\/encuentroinformativo.com.mx\/index.php?rest_route=%2Fwp%2Fv2%2Fcategories&post=38044"},{"taxonomy":"post_tag","embeddable":true,"href":"https:\/\/encuentroinformativo.com.mx\/index.php?rest_route=%2Fwp%2Fv2%2Ftags&post=38044"}],"curies":[{"name":"wp","href":"https:\/\/api.w.org\/{rel}","templated":true}]}}