{"id":3805,"date":"2020-07-02T16:29:55","date_gmt":"2020-07-02T21:29:55","guid":{"rendered":"https:\/\/encuentroinformativo.com\/?p=3805"},"modified":"2020-07-02T16:29:57","modified_gmt":"2020-07-02T21:29:57","slug":"mexico-mantiene-crisis-en-temas-de-salud-pan","status":"publish","type":"post","link":"https:\/\/encuentroinformativo.com.mx\/?p=3805","title":{"rendered":"M\u00e9xico  mantiene crisis en temas de salud: PAN"},"content":{"rendered":"\n<p><strong>Juan Arcos <\/strong><\/p>\n\n\n\n<p>Xalapa, Ver.- El dirigente estatal del Partido Acci\u00f3n Nacional (PAN), Joaqu\u00edn Guzm\u00e1n Avil\u00e9s, critic\u00f3 los dos a\u00f1os del gobierno federal, que encabeza Andr\u00e9s Manuel L\u00f3pez Obrador.<\/p>\n\n\n\n<p>A su juicio, M\u00e9xico enfrenta una crisis en materia de salud, seguridad y econom\u00eda, por falta de acciones contundentes en la administraci\u00f3n federal.<\/p>\n\n\n\n<p>En ese sentido, indic\u00f3 que dichos problemas tambi\u00e9n se han visto reflejados en la entidad veracruzana.<\/p>\n\n\n\n<p>Por tal motivo, opin\u00f3 que es urgente la unidad nacional, el di\u00e1logo y los acuerdos para recuperar al pa\u00eds de la situaci\u00f3n en la que se encuentra.<\/p>\n\n\n\n<p>El dirigente estatal lament\u00f3 que, en los \u00faltimos meses, el Ejecutivo Federal y muchos de los gobernadores emanados del Movimiento de Regeneraci\u00f3n Nacional (Morena) han actuado de forma irresponsable en torno al manejo de la pandemia por COVID-19.<\/p>\n\n\n\n<p>Consider\u00f3 que ha habido respuestas tard\u00edas e insuficientes, por parte de los mandatarios estatales pata atender la emergencia sanitaria.<\/p>\n\n\n\n<p>\u201cTan solo a nivel nacional el subregistro tanto de muertes como de contagios es evidente. Y las cifras del Registro Civil lo demuestran, hay un subregistro de casi 20 mil casos entre las defunciones que reporta la Secretar\u00eda de Salud y la oficial con actas de defunci\u00f3n reportadas por la Secretar\u00eda de Gobernaci\u00f3n\u201d, coment\u00f3.<\/p>\n\n\n\n<p>A\u00f1adi\u00f3 que tampoco se han priorizado estrategias de contenci\u00f3n y reactivaci\u00f3n econ\u00f3mica, lo que ha provocado la p\u00e9rdida de un mill\u00f3n de empleos formales.<\/p>\n\n\n\n<p><\/p>\n","protected":false},"excerpt":{"rendered":"<p>Juan Arcos Xalapa, Ver.- El dirigente estatal del Partido Acci\u00f3n Nacional (PAN), Joaqu\u00edn Guzm\u00e1n Avil\u00e9s, critic\u00f3 los dos a\u00f1os del gobierno federal, que encabeza Andr\u00e9s Manuel L\u00f3pez Obrador. A su juicio, M\u00e9xico enfrenta una crisis en materia de salud, seguridad y econom\u00eda, por falta de acciones contundentes en la administraci\u00f3n federal. En ese sentido, indic\u00f3 [&hellip;]<\/p>\n","protected":false},"author":1,"featured_media":3806,"comment_status":"open","ping_status":"open","sticky":false,"template":"","format":"standard","meta":{"_jetpack_memberships_contains_paid_content":false,"footnotes":""},"categories":[2],"tags":[],"class_list":["post-3805","post","type-post","status-publish","format-standard","has-post-thumbnail","hentry","category-estado"],"jetpack_featured_media_url":"https:\/\/encuentroinformativo.com.mx\/wp-content\/uploads\/2020\/07\/D881E448-4C26-43CB-9127-459A74CF3F51.jpeg","jetpack_sharing_enabled":true,"jetpack_likes_enabled":true,"amp_enabled":true,"_links":{"self":[{"href":"https:\/\/encuentroinformativo.com.mx\/index.php?rest_route=\/wp\/v2\/posts\/3805","targetHints":{"allow":["GET"]}}],"collection":[{"href":"https:\/\/encuentroinformativo.com.mx\/index.php?rest_route=\/wp\/v2\/posts"}],"about":[{"href":"https:\/\/encuentroinformativo.com.mx\/index.php?rest_route=\/wp\/v2\/types\/post"}],"author":[{"embeddable":true,"href":"https:\/\/encuentroinformativo.com.mx\/index.php?rest_route=\/wp\/v2\/users\/1"}],"replies":[{"embeddable":true,"href":"https:\/\/encuentroinformativo.com.mx\/index.php?rest_route=%2Fwp%2Fv2%2Fcomments&post=3805"}],"version-history":[{"count":1,"href":"https:\/\/encuentroinformativo.com.mx\/index.php?rest_route=\/wp\/v2\/posts\/3805\/revisions"}],"predecessor-version":[{"id":3807,"href":"https:\/\/encuentroinformativo.com.mx\/index.php?rest_route=\/wp\/v2\/posts\/3805\/revisions\/3807"}],"wp:featuredmedia":[{"embeddable":true,"href":"https:\/\/encuentroinformativo.com.mx\/index.php?rest_route=\/wp\/v2\/media\/3806"}],"wp:attachment":[{"href":"https:\/\/encuentroinformativo.com.mx\/index.php?rest_route=%2Fwp%2Fv2%2Fmedia&parent=3805"}],"wp:term":[{"taxonomy":"category","embeddable":true,"href":"https:\/\/encuentroinformativo.com.mx\/index.php?rest_route=%2Fwp%2Fv2%2Fcategories&post=3805"},{"taxonomy":"post_tag","embeddable":true,"href":"https:\/\/encuentroinformativo.com.mx\/index.php?rest_route=%2Fwp%2Fv2%2Ftags&post=3805"}],"curies":[{"name":"wp","href":"https:\/\/api.w.org\/{rel}","templated":true}]}}