{"id":38053,"date":"2023-03-15T23:27:24","date_gmt":"2023-03-16T05:27:24","guid":{"rendered":"https:\/\/encuentroinformativo.com.mx\/?p=38053"},"modified":"2023-03-15T23:27:27","modified_gmt":"2023-03-16T05:27:27","slug":"boca-del-rio-la-mejor-opcion-turistica-del-estado-para-semana-santa-alcalde-jm-unanue","status":"publish","type":"post","link":"https:\/\/encuentroinformativo.com.mx\/?p=38053","title":{"rendered":"Boca del R\u00edo, la mejor opci\u00f3n tur\u00edstica del estado para Semana Santa: Alcalde JM Un\u00e1nue"},"content":{"rendered":"\n<p>*<strong>Superaremos la derrama econ\u00f3mica de m\u00e1s de 300 millones de pesos y la ocupaci\u00f3n hotelera del 95 por ciento del 2022, dijo el edil.<\/strong><\/p>\n\n\n\n<p>Boca del R\u00edo, Ver.- El Alcalde de Boca del R\u00edo, Juan Manuel Un\u00e1nue Abascal, expres\u00f3 que el municipio se encuentra preparado para recibir a los miles de visitantes que arribar\u00e1n a la ciudad con motivo de las vacaciones de Semana Santa.<\/p>\n\n\n\n<p>Inform\u00f3 que ya sostuvo la primera reuni\u00f3n con los titulares de las \u00e1reas operativas del Ayuntamiento boque\u00f1o, como parte de la organizaci\u00f3n integral previo a la llegada de los turistas y su estad\u00eda en la ciudad.<\/p>\n\n\n\n<p>\u201cBoca del R\u00edo tiene la mejor oferta tur\u00edstica del estado, por eso nos estamos organizando para recibirlos como se merecen. Est\u00e9n atentos, porque en los pr\u00f3ximos d\u00edas anunciaremos el programa completo\u201d, explic\u00f3.<\/p>\n\n\n\n<p>Dijo que para este primer periodo vacacional del 2023, el gobierno municipal contempla realizar diversas actividades no solo en las \u00e1reas de playa, sino tambi\u00e9n en unidades deportivas y diversos puntos de territorio boque\u00f1o.<\/p>\n\n\n\n<p>Un\u00e1nue Abascal enfatiz\u00f3 que se espera una importante derrama econ\u00f3mica superando los m\u00e1s de 300 millones del a\u00f1o pasado y una ocupaci\u00f3n hotelera del cien por ciento, benefici\u00e1ndose tambi\u00e9n los prestadores de servicios y comercios por la afluencia de visitantes y locales.<\/p>\n\n\n\n<p>Por otra parte, el Alcalde estuvo presente en la inauguraci\u00f3n de las \u201cOficinas de Representaci\u00f3n Tur\u00edstica Municipal\u201d, programa de la C\u00e1mara de Comercio, Servicios y Turismo de Veracruz (CANACO Servytur) que presidente Edi Alberto Mart\u00ednez Tejeda.<\/p>\n\n\n\n<p>Proyecto que impulsa la divulgaci\u00f3n de la oferta tur\u00edstica, cultura, eventos deportivos y comercial, en el que est\u00e1n representados los municipios de Boca del R\u00edo, Jamapa, Cotaxtla, Tlalixcoyan y Soledad de Doblado.<\/p>\n\n\n\n<p>Ante alcaldes y representantes municipales, el edil boque\u00f1o resalt\u00f3 que la principal vocaci\u00f3n de Boca del R\u00edo es el turismo, comercio y los servicios, destacando la constante afluencia tur\u00edstica que ha venido creciendo a\u00f1o con a\u00f1o.<\/p>\n\n\n\n<p>\u201cEsta es otra herramienta que tomamos y que agradecemos a la c\u00e1mara de comercio en donde tambi\u00e9n nos va a permitir difundir y promover todas las actividades que tengamos en el municipio y que promovamos como gobierno\u201d, coment\u00f3 el Alcalde Juan Manuel Un\u00e1nue.<\/p>\n\n\n\n<p>Finalmente, el titular de la c\u00e1mara empresarial resalt\u00f3 que Boca del R\u00edo es el primer lugar a nivel estado como destino tur\u00edstico, por ello la importancia de estar representado en Canaco.<\/p>\n","protected":false},"excerpt":{"rendered":"<p>*Superaremos la derrama econ\u00f3mica de m\u00e1s de 300 millones de pesos y la ocupaci\u00f3n hotelera del 95 por ciento del 2022, dijo el edil. Boca del R\u00edo, Ver.- El Alcalde de Boca del R\u00edo, Juan Manuel Un\u00e1nue Abascal, expres\u00f3 que el municipio se encuentra preparado para recibir a los miles de visitantes que arribar\u00e1n a [&hellip;]<\/p>\n","protected":false},"author":2476,"featured_media":38054,"comment_status":"open","ping_status":"open","sticky":false,"template":"","format":"standard","meta":{"_jetpack_memberships_contains_paid_content":false,"footnotes":""},"categories":[2],"tags":[],"class_list":["post-38053","post","type-post","status-publish","format-standard","has-post-thumbnail","hentry","category-estado"],"jetpack_featured_media_url":"https:\/\/encuentroinformativo.com.mx\/wp-content\/uploads\/2023\/03\/IMG-20230315-WA01182.jpg","jetpack_sharing_enabled":true,"jetpack_likes_enabled":true,"amp_enabled":true,"_links":{"self":[{"href":"https:\/\/encuentroinformativo.com.mx\/index.php?rest_route=\/wp\/v2\/posts\/38053","targetHints":{"allow":["GET"]}}],"collection":[{"href":"https:\/\/encuentroinformativo.com.mx\/index.php?rest_route=\/wp\/v2\/posts"}],"about":[{"href":"https:\/\/encuentroinformativo.com.mx\/index.php?rest_route=\/wp\/v2\/types\/post"}],"author":[{"embeddable":true,"href":"https:\/\/encuentroinformativo.com.mx\/index.php?rest_route=\/wp\/v2\/users\/2476"}],"replies":[{"embeddable":true,"href":"https:\/\/encuentroinformativo.com.mx\/index.php?rest_route=%2Fwp%2Fv2%2Fcomments&post=38053"}],"version-history":[{"count":1,"href":"https:\/\/encuentroinformativo.com.mx\/index.php?rest_route=\/wp\/v2\/posts\/38053\/revisions"}],"predecessor-version":[{"id":38055,"href":"https:\/\/encuentroinformativo.com.mx\/index.php?rest_route=\/wp\/v2\/posts\/38053\/revisions\/38055"}],"wp:featuredmedia":[{"embeddable":true,"href":"https:\/\/encuentroinformativo.com.mx\/index.php?rest_route=\/wp\/v2\/media\/38054"}],"wp:attachment":[{"href":"https:\/\/encuentroinformativo.com.mx\/index.php?rest_route=%2Fwp%2Fv2%2Fmedia&parent=38053"}],"wp:term":[{"taxonomy":"category","embeddable":true,"href":"https:\/\/encuentroinformativo.com.mx\/index.php?rest_route=%2Fwp%2Fv2%2Fcategories&post=38053"},{"taxonomy":"post_tag","embeddable":true,"href":"https:\/\/encuentroinformativo.com.mx\/index.php?rest_route=%2Fwp%2Fv2%2Ftags&post=38053"}],"curies":[{"name":"wp","href":"https:\/\/api.w.org\/{rel}","templated":true}]}}