{"id":38074,"date":"2023-03-16T13:10:52","date_gmt":"2023-03-16T19:10:52","guid":{"rendered":"https:\/\/encuentroinformativo.com.mx\/?p=38074"},"modified":"2023-03-16T13:10:56","modified_gmt":"2023-03-16T19:10:56","slug":"en-teocelo-habra-festival-nacional-de-la-orquidea","status":"publish","type":"post","link":"https:\/\/encuentroinformativo.com.mx\/?p=38074","title":{"rendered":"En Teocelo, habr\u00e1 Festival Nacional de la Orqu\u00eddea"},"content":{"rendered":"\n<p>Xalapa, Ver.- El alcalde de Teocelo, Isaac Alberto Anell Reyes invit\u00f3 al segundo Festival Nacional de la Orqu\u00eddea en el parque central de Teocelo del 17 al 19 de marzo.<\/p>\n\n\n\n<p>En conferencia de prensa dijo que habr\u00e1 exposici\u00f3n, venta y cursos de orqu\u00eddeas.<\/p>\n\n\n\n<p>Tambi\u00e9n invit\u00f3 al trail Matlacobatl el pr\u00f3ximo 26 de marzo con tres rutas de 8, 16 y 30 kil\u00f3metros, las inscripciones contin\u00faan abiertas para quien desee participar.<\/p>\n\n\n\n<figure class=\"wp-block-image size-large\"><img loading=\"lazy\" decoding=\"async\" width=\"1024\" height=\"683\" src=\"https:\/\/encuentroinformativo.com.mx\/wp-content\/uploads\/2023\/03\/Photo_1678993649726-1024x683.jpg\" alt=\"\" class=\"wp-image-38076\" srcset=\"https:\/\/encuentroinformativo.com.mx\/wp-content\/uploads\/2023\/03\/Photo_1678993649726-1024x683.jpg 1024w, https:\/\/encuentroinformativo.com.mx\/wp-content\/uploads\/2023\/03\/Photo_1678993649726-300x200.jpg 300w, https:\/\/encuentroinformativo.com.mx\/wp-content\/uploads\/2023\/03\/Photo_1678993649726-768x512.jpg 768w, https:\/\/encuentroinformativo.com.mx\/wp-content\/uploads\/2023\/03\/Photo_1678993649726-1536x1024.jpg 1536w, https:\/\/encuentroinformativo.com.mx\/wp-content\/uploads\/2023\/03\/Photo_1678993649726.jpg 1968w\" sizes=\"auto, (max-width: 1024px) 100vw, 1024px\" \/><\/figure>\n","protected":false},"excerpt":{"rendered":"<p>Xalapa, Ver.- El alcalde de Teocelo, Isaac Alberto Anell Reyes invit\u00f3 al segundo Festival Nacional de la Orqu\u00eddea en el parque central de Teocelo del 17 al 19 de marzo. En conferencia de prensa dijo que habr\u00e1 exposici\u00f3n, venta y cursos de orqu\u00eddeas. Tambi\u00e9n invit\u00f3 al trail Matlacobatl el pr\u00f3ximo 26 de marzo con tres [&hellip;]<\/p>\n","protected":false},"author":2476,"featured_media":38075,"comment_status":"open","ping_status":"open","sticky":false,"template":"","format":"standard","meta":{"_jetpack_memberships_contains_paid_content":false,"footnotes":""},"categories":[8],"tags":[],"class_list":["post-38074","post","type-post","status-publish","format-standard","has-post-thumbnail","hentry","category-region"],"jetpack_featured_media_url":"https:\/\/encuentroinformativo.com.mx\/wp-content\/uploads\/2023\/03\/Photo_1678993678874.jpg","jetpack_sharing_enabled":true,"jetpack_likes_enabled":true,"amp_enabled":true,"_links":{"self":[{"href":"https:\/\/encuentroinformativo.com.mx\/index.php?rest_route=\/wp\/v2\/posts\/38074","targetHints":{"allow":["GET"]}}],"collection":[{"href":"https:\/\/encuentroinformativo.com.mx\/index.php?rest_route=\/wp\/v2\/posts"}],"about":[{"href":"https:\/\/encuentroinformativo.com.mx\/index.php?rest_route=\/wp\/v2\/types\/post"}],"author":[{"embeddable":true,"href":"https:\/\/encuentroinformativo.com.mx\/index.php?rest_route=\/wp\/v2\/users\/2476"}],"replies":[{"embeddable":true,"href":"https:\/\/encuentroinformativo.com.mx\/index.php?rest_route=%2Fwp%2Fv2%2Fcomments&post=38074"}],"version-history":[{"count":1,"href":"https:\/\/encuentroinformativo.com.mx\/index.php?rest_route=\/wp\/v2\/posts\/38074\/revisions"}],"predecessor-version":[{"id":38077,"href":"https:\/\/encuentroinformativo.com.mx\/index.php?rest_route=\/wp\/v2\/posts\/38074\/revisions\/38077"}],"wp:featuredmedia":[{"embeddable":true,"href":"https:\/\/encuentroinformativo.com.mx\/index.php?rest_route=\/wp\/v2\/media\/38075"}],"wp:attachment":[{"href":"https:\/\/encuentroinformativo.com.mx\/index.php?rest_route=%2Fwp%2Fv2%2Fmedia&parent=38074"}],"wp:term":[{"taxonomy":"category","embeddable":true,"href":"https:\/\/encuentroinformativo.com.mx\/index.php?rest_route=%2Fwp%2Fv2%2Fcategories&post=38074"},{"taxonomy":"post_tag","embeddable":true,"href":"https:\/\/encuentroinformativo.com.mx\/index.php?rest_route=%2Fwp%2Fv2%2Ftags&post=38074"}],"curies":[{"name":"wp","href":"https:\/\/api.w.org\/{rel}","templated":true}]}}