{"id":38078,"date":"2023-03-16T14:25:48","date_gmt":"2023-03-16T20:25:48","guid":{"rendered":"https:\/\/encuentroinformativo.com.mx\/?p=38078"},"modified":"2023-03-16T14:25:52","modified_gmt":"2023-03-16T20:25:52","slug":"carnavales-de-tlalixcoyan-no-merman-trabajos-en-obra-publica","status":"publish","type":"post","link":"https:\/\/encuentroinformativo.com.mx\/?p=38078","title":{"rendered":"Carnavales de Tlalixcoyan no merman trabajos en obra p\u00fablica"},"content":{"rendered":"\n<p><strong>Alejandro \u00c1vila<\/strong><\/p>\n\n\n\n<p>Tlalixcoyan, Ver.- La alcaldesa Elvia Illescas Loyo asegur\u00f3 que, pese a que existen varios Carnavales en el municipio, se esmeran en eficientar el recurso para que no afecte las obras p\u00fablicas planeadas para este 2023.<\/p>\n\n\n\n<p>&#8220;Nosotros tenemos varios carnavales en las localidades, entonces no solamente es un carnaval, son varios los carnavales que hay en el municipio de Tlalixcoyan. Y una parte muy importante es la obra p\u00fablica, nuestro principal objetivo es poder llevarle las cosas que necesitan a la ciudadan\u00eda, entonces, una parte es diversi\u00f3n, pero otra parte es nuestra labor como municipio, que es cubrir las necesidades de nuestras comunidades&#8221;, destac\u00f3.<\/p>\n\n\n\n<p>Las fechas m\u00e1s importantes ser\u00e1n las de el Carnaval de Tlalixcoyan, del 30 de marzo al 3 de abril; y el Carnaval de Piedras Negras, del 27 de abril al 1 de Mayo.<\/p>\n\n\n\n<p>En ambos espacios se busca aumentar la derrama econ\u00f3mica del municipio, sobre todo impulsando a las emprendedoras tlalixcoyenses.<\/p>\n\n\n\n<p>&#8220;Una parte muy importante es reactivar la econom\u00eda, ya sea aqu\u00ed en el municipio (cabecera) o las localidades, pero sobre todo tambi\u00e9n que en este Carnaval se espera que venga mucha gente de los alrededores (\u2026) apenas lo estamos planteando bien, a ver si tambi\u00e9n va a estar la Expo de Mujeres Emprendedoras durante alg\u00fan d\u00eda del Carnaval, los paseos van a ser diferentes, no les quiero adelantar mucho, pero como siempre hay mucha m\u00e1s afluencia de gente durante los fines de semana&#8221;, culmin\u00f3.<\/p>\n","protected":false},"excerpt":{"rendered":"<p>Alejandro \u00c1vila Tlalixcoyan, Ver.- La alcaldesa Elvia Illescas Loyo asegur\u00f3 que, pese a que existen varios Carnavales en el municipio, se esmeran en eficientar el recurso para que no afecte las obras p\u00fablicas planeadas para este 2023. &#8220;Nosotros tenemos varios carnavales en las localidades, entonces no solamente es un carnaval, son varios los carnavales que [&hellip;]<\/p>\n","protected":false},"author":2476,"featured_media":38079,"comment_status":"open","ping_status":"open","sticky":false,"template":"","format":"standard","meta":{"_jetpack_memberships_contains_paid_content":false,"footnotes":""},"categories":[2],"tags":[],"class_list":["post-38078","post","type-post","status-publish","format-standard","has-post-thumbnail","hentry","category-estado"],"jetpack_featured_media_url":"https:\/\/encuentroinformativo.com.mx\/wp-content\/uploads\/2023\/03\/IMG-20230316-WA0048.jpg","jetpack_sharing_enabled":true,"jetpack_likes_enabled":true,"amp_enabled":true,"_links":{"self":[{"href":"https:\/\/encuentroinformativo.com.mx\/index.php?rest_route=\/wp\/v2\/posts\/38078","targetHints":{"allow":["GET"]}}],"collection":[{"href":"https:\/\/encuentroinformativo.com.mx\/index.php?rest_route=\/wp\/v2\/posts"}],"about":[{"href":"https:\/\/encuentroinformativo.com.mx\/index.php?rest_route=\/wp\/v2\/types\/post"}],"author":[{"embeddable":true,"href":"https:\/\/encuentroinformativo.com.mx\/index.php?rest_route=\/wp\/v2\/users\/2476"}],"replies":[{"embeddable":true,"href":"https:\/\/encuentroinformativo.com.mx\/index.php?rest_route=%2Fwp%2Fv2%2Fcomments&post=38078"}],"version-history":[{"count":1,"href":"https:\/\/encuentroinformativo.com.mx\/index.php?rest_route=\/wp\/v2\/posts\/38078\/revisions"}],"predecessor-version":[{"id":38080,"href":"https:\/\/encuentroinformativo.com.mx\/index.php?rest_route=\/wp\/v2\/posts\/38078\/revisions\/38080"}],"wp:featuredmedia":[{"embeddable":true,"href":"https:\/\/encuentroinformativo.com.mx\/index.php?rest_route=\/wp\/v2\/media\/38079"}],"wp:attachment":[{"href":"https:\/\/encuentroinformativo.com.mx\/index.php?rest_route=%2Fwp%2Fv2%2Fmedia&parent=38078"}],"wp:term":[{"taxonomy":"category","embeddable":true,"href":"https:\/\/encuentroinformativo.com.mx\/index.php?rest_route=%2Fwp%2Fv2%2Fcategories&post=38078"},{"taxonomy":"post_tag","embeddable":true,"href":"https:\/\/encuentroinformativo.com.mx\/index.php?rest_route=%2Fwp%2Fv2%2Ftags&post=38078"}],"curies":[{"name":"wp","href":"https:\/\/api.w.org\/{rel}","templated":true}]}}