{"id":38084,"date":"2023-03-16T17:44:11","date_gmt":"2023-03-16T23:44:11","guid":{"rendered":"https:\/\/encuentroinformativo.com.mx\/?p=38084"},"modified":"2023-03-16T17:44:14","modified_gmt":"2023-03-16T23:44:14","slug":"a-la-carcel-presunto-agresor-de-nutria-en-veracruz-asegura-pma","status":"publish","type":"post","link":"https:\/\/encuentroinformativo.com.mx\/?p=38084","title":{"rendered":"A la c\u00e1rcel presunto agresor de nutria en Veracruz, asegura PMA"},"content":{"rendered":"\n<p><strong>Alejandro \u00c1vila<\/strong><\/p>\n\n\n\n<p>Boca del R\u00edo, Ver.- La Fiscal\u00eda General del Estado de Veracruz se encuentra recabando todos los datos necesarios sobre la presunta agresi\u00f3n salvaje que sufri\u00f3 Max, la nutria que habita en la laguna de Mandinga.<\/p>\n\n\n\n<p>De conseguir las pruebas suficientes, el presunto agresor podr\u00eda ir a la c\u00e1rcel, se\u00f1al\u00f3 el Procurador de Medio Ambiente en Veracruz, Sergio Rodr\u00edguez Cort\u00e9s.<\/p>\n\n\n\n<p>El funcionario estatal mencion\u00f3 que, aunque no es su competencia la denuncia, al haber una Fiscal\u00eda Especializado en Delitos Ambientales y contra los Animales (FEDAYCA), s\u00ed tiene conocimiento la Procuradur\u00eda e incluso, se visit\u00f3 el sitio para saber la situaci\u00f3n se la especie y as\u00ed integrar un expediente que se entregar\u00e1 a la FEDAYCA.<\/p>\n\n\n\n<p>\u201cDe inmediato hicimos una diligencia; si logramos dar con el responsable lo vamos a procesar y daremos parte a la fiscal\u00eda especializada; en Veracruz hay una Ley de Protecci\u00f3n de Animales en donde se ve este delito; ser\u00e1 el Fiscal quien lo juzgue y vea la pena que puede alcanzar, que puede ser la c\u00e1rcel\u201d.<\/p>\n\n\n\n<p>En este sentido, Rodr\u00edguez Cort\u00e9s, dijo que se debe tener un antecedente ante este hecho delictivo y poner una buena pena, para que evitar que otras personas sigan maltratando a especies indefensas, que se acercan a las personas debido a que no les representan peligro alguno.&nbsp;<\/p>\n\n\n\n<p>\u201cComo la gente le da de comer sale a socializar y lamentablemente hay una falta de conciencia; es reprobable el ataque que sufri\u00f3\u201d.<\/p>\n\n\n\n<p>Cuestionado sobre si la PMA no puede ponerla en cautiverio dentro del Acuarium, donde habitan otras nutrias, el Procurador se\u00f1al\u00f3 que no se puede ya que est\u00e1 en su habitad natural lo cual es una ventaja, ya que la libertad de estos animales es mejor a tenerlos en resguardo y solo pueden ir los veterinarios a valorarlo.&nbsp;<\/p>\n\n\n\n<p>Cuestionado sobre el avistamiento de delfines en las playas del Puerto de Veracruz, dijo que esto se volvi\u00f3 com\u00fan durante la pandemia, debido a la ausencia de humanos, pero hoy en d\u00eda puede deberse al cambio clim\u00e1tico que afecta las aguas profundas.<\/p>\n\n\n\n<p>\u201cEl cambio clim\u00e1tico cambia la temperatura de las aguas profundas y esto hace que estas especies busquen rutas mejores a las que transitaban, por ello es que se est\u00e1n viendo en zonas donde antes no pasaban\u201d.<\/p>\n\n\n\n<p>Finalmente hizo un llamado a la ciudadan\u00eda a espetar y dejar a las especies que sigan su ruta y ser conscientes de tener limpieza en las playas sin dejar pl\u00e1sticos, latas, colillas de cigarros entre otra basura para evitar mayor contaminaci\u00f3n del mar.<\/p>\n","protected":false},"excerpt":{"rendered":"<p>Alejandro \u00c1vila Boca del R\u00edo, Ver.- La Fiscal\u00eda General del Estado de Veracruz se encuentra recabando todos los datos necesarios sobre la presunta agresi\u00f3n salvaje que sufri\u00f3 Max, la nutria que habita en la laguna de Mandinga. De conseguir las pruebas suficientes, el presunto agresor podr\u00eda ir a la c\u00e1rcel, se\u00f1al\u00f3 el Procurador de Medio [&hellip;]<\/p>\n","protected":false},"author":2476,"featured_media":38085,"comment_status":"open","ping_status":"open","sticky":false,"template":"","format":"standard","meta":{"_jetpack_memberships_contains_paid_content":false,"footnotes":""},"categories":[2],"tags":[],"class_list":["post-38084","post","type-post","status-publish","format-standard","has-post-thumbnail","hentry","category-estado"],"jetpack_featured_media_url":"https:\/\/encuentroinformativo.com.mx\/wp-content\/uploads\/2023\/03\/IMG-20230316-WA0075.jpg","jetpack_sharing_enabled":true,"jetpack_likes_enabled":true,"amp_enabled":true,"_links":{"self":[{"href":"https:\/\/encuentroinformativo.com.mx\/index.php?rest_route=\/wp\/v2\/posts\/38084","targetHints":{"allow":["GET"]}}],"collection":[{"href":"https:\/\/encuentroinformativo.com.mx\/index.php?rest_route=\/wp\/v2\/posts"}],"about":[{"href":"https:\/\/encuentroinformativo.com.mx\/index.php?rest_route=\/wp\/v2\/types\/post"}],"author":[{"embeddable":true,"href":"https:\/\/encuentroinformativo.com.mx\/index.php?rest_route=\/wp\/v2\/users\/2476"}],"replies":[{"embeddable":true,"href":"https:\/\/encuentroinformativo.com.mx\/index.php?rest_route=%2Fwp%2Fv2%2Fcomments&post=38084"}],"version-history":[{"count":1,"href":"https:\/\/encuentroinformativo.com.mx\/index.php?rest_route=\/wp\/v2\/posts\/38084\/revisions"}],"predecessor-version":[{"id":38086,"href":"https:\/\/encuentroinformativo.com.mx\/index.php?rest_route=\/wp\/v2\/posts\/38084\/revisions\/38086"}],"wp:featuredmedia":[{"embeddable":true,"href":"https:\/\/encuentroinformativo.com.mx\/index.php?rest_route=\/wp\/v2\/media\/38085"}],"wp:attachment":[{"href":"https:\/\/encuentroinformativo.com.mx\/index.php?rest_route=%2Fwp%2Fv2%2Fmedia&parent=38084"}],"wp:term":[{"taxonomy":"category","embeddable":true,"href":"https:\/\/encuentroinformativo.com.mx\/index.php?rest_route=%2Fwp%2Fv2%2Fcategories&post=38084"},{"taxonomy":"post_tag","embeddable":true,"href":"https:\/\/encuentroinformativo.com.mx\/index.php?rest_route=%2Fwp%2Fv2%2Ftags&post=38084"}],"curies":[{"name":"wp","href":"https:\/\/api.w.org\/{rel}","templated":true}]}}