{"id":38092,"date":"2023-03-17T10:32:00","date_gmt":"2023-03-17T16:32:00","guid":{"rendered":"https:\/\/encuentroinformativo.com.mx\/?p=38092"},"modified":"2023-03-17T10:32:04","modified_gmt":"2023-03-17T16:32:04","slug":"puente-de-primavera-dara-pauta-de-temporada-vacacional-cometur","status":"publish","type":"post","link":"https:\/\/encuentroinformativo.com.mx\/?p=38092","title":{"rendered":"&#8220;Puente&#8221; de primavera dar\u00e1 pauta de temporada vacacional: COMETUR"},"content":{"rendered":"\n<p><strong>Alejandro \u00c1vila<\/strong><\/p>\n\n\n\n<p>Veracruz, Ver.- El &#8220;puente&#8221; de primavera dar\u00e1 la pauta de c\u00f3mo ser\u00e1 la temporada vacacional 2023, se\u00f1al\u00f3 el presidente del Consejo Metropolitano de Turismo (COMETUR), Sergio Lois Heredia.<\/p>\n\n\n\n<p>El empresario hotelero reconoci\u00f3 que se esperan los mismos n\u00fameros que en el 2022, quiz\u00e1 un poco m\u00e1s; aunque destac\u00f3, las expectativas rondan en un 70 por ciento de ocupaci\u00f3n hotelera.<\/p>\n\n\n\n<p>En ese sentido dijo que el puente de este fin de semana marcar\u00e1 la tendencia de todas las temporadas vacacionales del 2023; en t\u00e9rminos religiosos, la Semana Santa es del 2 al 8 de abril.<\/p>\n\n\n\n<p>&#8220;Este &#8216;puente&#8217; que vamos a tener este fin de semana nos va a decir mucho de c\u00f3mo se va a comportar la Semana Santa, la verdad es que este puente siempre viene a abrir, ahora si lo que es la temporada de temporadas, que es la Semana Santa y posteriormente la temporada de verano, y marca mucho la pauta. Con base en como se comporta este &#8216;puente&#8217; podemos muchas veces decir como se comporta la Semana Santa, muchas veces ha sido as\u00ed y generalmente es un parteaguas, un parteaguas para saber como nos vamos a estar comportando&#8221;, puntualiz\u00f3.<\/p>\n\n\n\n<p>Sergio Lois Heredia destac\u00f3 el apoyo y la coordinaci\u00f3n con los ayuntamientos de Veracruz y Boca del R\u00edo, quienes realizan actividades en playas y plazas p\u00fablicas, mismas que generan un mayor atractivo para los turistas.<\/p>\n","protected":false},"excerpt":{"rendered":"<p>Alejandro \u00c1vila Veracruz, Ver.- El &#8220;puente&#8221; de primavera dar\u00e1 la pauta de c\u00f3mo ser\u00e1 la temporada vacacional 2023, se\u00f1al\u00f3 el presidente del Consejo Metropolitano de Turismo (COMETUR), Sergio Lois Heredia. El empresario hotelero reconoci\u00f3 que se esperan los mismos n\u00fameros que en el 2022, quiz\u00e1 un poco m\u00e1s; aunque destac\u00f3, las expectativas rondan en un [&hellip;]<\/p>\n","protected":false},"author":2476,"featured_media":38093,"comment_status":"open","ping_status":"open","sticky":false,"template":"","format":"standard","meta":{"_jetpack_memberships_contains_paid_content":false,"footnotes":""},"categories":[2],"tags":[],"class_list":["post-38092","post","type-post","status-publish","format-standard","has-post-thumbnail","hentry","category-estado"],"jetpack_featured_media_url":"https:\/\/encuentroinformativo.com.mx\/wp-content\/uploads\/2023\/03\/IMG-20230317-WA0021.jpg","jetpack_sharing_enabled":true,"jetpack_likes_enabled":true,"amp_enabled":true,"_links":{"self":[{"href":"https:\/\/encuentroinformativo.com.mx\/index.php?rest_route=\/wp\/v2\/posts\/38092","targetHints":{"allow":["GET"]}}],"collection":[{"href":"https:\/\/encuentroinformativo.com.mx\/index.php?rest_route=\/wp\/v2\/posts"}],"about":[{"href":"https:\/\/encuentroinformativo.com.mx\/index.php?rest_route=\/wp\/v2\/types\/post"}],"author":[{"embeddable":true,"href":"https:\/\/encuentroinformativo.com.mx\/index.php?rest_route=\/wp\/v2\/users\/2476"}],"replies":[{"embeddable":true,"href":"https:\/\/encuentroinformativo.com.mx\/index.php?rest_route=%2Fwp%2Fv2%2Fcomments&post=38092"}],"version-history":[{"count":1,"href":"https:\/\/encuentroinformativo.com.mx\/index.php?rest_route=\/wp\/v2\/posts\/38092\/revisions"}],"predecessor-version":[{"id":38094,"href":"https:\/\/encuentroinformativo.com.mx\/index.php?rest_route=\/wp\/v2\/posts\/38092\/revisions\/38094"}],"wp:featuredmedia":[{"embeddable":true,"href":"https:\/\/encuentroinformativo.com.mx\/index.php?rest_route=\/wp\/v2\/media\/38093"}],"wp:attachment":[{"href":"https:\/\/encuentroinformativo.com.mx\/index.php?rest_route=%2Fwp%2Fv2%2Fmedia&parent=38092"}],"wp:term":[{"taxonomy":"category","embeddable":true,"href":"https:\/\/encuentroinformativo.com.mx\/index.php?rest_route=%2Fwp%2Fv2%2Fcategories&post=38092"},{"taxonomy":"post_tag","embeddable":true,"href":"https:\/\/encuentroinformativo.com.mx\/index.php?rest_route=%2Fwp%2Fv2%2Ftags&post=38092"}],"curies":[{"name":"wp","href":"https:\/\/api.w.org\/{rel}","templated":true}]}}