{"id":38095,"date":"2023-03-17T11:11:00","date_gmt":"2023-03-17T17:11:00","guid":{"rendered":"https:\/\/encuentroinformativo.com.mx\/?p=38095"},"modified":"2023-03-17T11:11:04","modified_gmt":"2023-03-17T17:11:04","slug":"familiares-de-desaparecidos-reclaman-avances","status":"publish","type":"post","link":"https:\/\/encuentroinformativo.com.mx\/?p=38095","title":{"rendered":"Familiares de desaparecidos reclaman avances"},"content":{"rendered":"\n<p><strong>Dar\u00edo Pale <\/strong><\/p>\n\n\n\n<p>Xalapa, Ver.- La se\u00f1ora Rosa Elena Ladron de Guevara Alafita madres del joven Antonio de Jesus Viveros Ladron de Guevara, acompa\u00f1ada de Fabiola Pensado Barrera, madre del joven Argenis Yosimar Pensado Barrera, coincidieron en que las autoridades son omisas y no se ponen a trabajar ni avanzan en las investigaciones.<\/p>\n\n\n\n<p>Entrevistada previo a la marcha que realizaron del pante\u00f3n Pale Verde a la Plaza Lerdo dio a concierto que no hay resultado por parte del gobierno del estado en la b\u00fasqueda de sus familiares en este mes su hijo el 14 de marzo cumpli\u00f3 9 a\u00f1os de que se lo llevaron y a\u00fan no saben nada.<\/p>\n\n\n\n<p>&#8220;Los fiscales me dicen d\u00edgame por donde me voy d\u00edgame por donde investig\u00f3 y ellos a\u00fan no encuentran una manera de encontramos y eso sigue sucediendo y sigue sucediendo&#8221;, acus\u00f3.<\/p>\n\n\n\n<p>Coment\u00f3 que las carpetas de investigaci\u00f3n son puras repeticiones de oficios y oficios pero sin ninguna l\u00ednea de investigaci\u00f3n y omisiones desde el inicio de la investigaci\u00f3n de la desaparici\u00f3n de su hijo y lo que ten\u00edan que hacer desde un inicio no lo hicieron ya que el tel\u00e9fono lo siguieron utilizando.<\/p>\n\n\n\n<p>Dio a conocer que cuando localizan una persona que estaba involucrada se le ha dado aviso pero no hacen nada, a esa persona despu\u00e9s la mataron ya que segu\u00eda dentro de la delincuencia y se llev\u00f3 con el el secreto delo que paso con su hijo.<\/p>\n\n\n\n<p>Hizo un llamado a las diferentes instituciones para que se pongan a trabajar ya que hay varias que se han creado debido a esta problem\u00e1tica que solo est\u00e1n recibiendo un sueldo s\u00ed que den los resultados esperados.<\/p>\n\n\n\n<p>&#8220;Debemos alzar la voz y decir basta yo creo que ning\u00fan ser vivo merece lo que se est\u00e1 haciendo si hay tantos defensores de animales si hay tantos protectores de plantas como es posible que se vean cosas clandestinas, los cuerpos descuartizados y que no se nos enchine \u00a0la piel de desesperaci\u00f3n de verlos&#8221;, se\u00f1al\u00f3.<\/p>\n\n\n\n<p>&#8220;Muchas veces nos da hasta risa porque las autoridades no ven esas im\u00e1genes hemos visto tanto hemos encontrado nos volvimos buscadores, se quedo nuestro trabajo y nuestra vida atr\u00e1s y &#8230;., es desesperante ver esas ciruela des&#8221;, agreg\u00f3.<\/p>\n\n\n\n<p>En otro orden de ideas en el caso de Fabiola Pensado Barrera, madre del joven Argenis Yosimar Pensado Barrera, desaparecido el 16 de marzo de 2014, quien se\u00f1al\u00f3 que conforme pasan los d\u00edas, los casos de desapariciones se acumulan en la Fiscal\u00eda General del Estado.<\/p>\n\n\n\n<p>&#8220;Por supuesto que siguen ocurriendo, se nos acercan personas con casos recientes, sigue ocurriendo todo, la omisi\u00f3n por parte de las autoridades, la revictimizaci\u00f3n, la no investigaci\u00f3n\u201d, coment\u00f3.<\/p>\n\n\n\n<p>Reproch\u00f3 que las autoridades \u00a0se nieguen a admitir la realidad de dicho fen\u00f3meno, al cumplirse los 9 a\u00f1os de la desaparici\u00f3n de Argenis Yosimar.<\/p>\n\n\n\n<p>Finalmente dio a conocer que, \u201chay d\u00edas dolorosos como este, que mi hijo cumple 9 a\u00f1os desde su desaparici\u00f3n, desde 2014 estoy en este camino. Antes \u00e9ramos dos casos en marzo, ahora somos cinco, unos de 2014 y otros de 2021\u201d.<\/p>\n\n\n\n<figure class=\"wp-block-image size-large\"><img loading=\"lazy\" decoding=\"async\" width=\"1024\" height=\"576\" src=\"https:\/\/encuentroinformativo.com.mx\/wp-content\/uploads\/2023\/03\/IMG-20230317-WA0030-1024x576.jpg\" alt=\"\" class=\"wp-image-38097\" srcset=\"https:\/\/encuentroinformativo.com.mx\/wp-content\/uploads\/2023\/03\/IMG-20230317-WA0030-1024x576.jpg 1024w, https:\/\/encuentroinformativo.com.mx\/wp-content\/uploads\/2023\/03\/IMG-20230317-WA0030-300x169.jpg 300w, https:\/\/encuentroinformativo.com.mx\/wp-content\/uploads\/2023\/03\/IMG-20230317-WA0030-768x432.jpg 768w, https:\/\/encuentroinformativo.com.mx\/wp-content\/uploads\/2023\/03\/IMG-20230317-WA0030.jpg 1408w\" sizes=\"auto, (max-width: 1024px) 100vw, 1024px\" \/><\/figure>\n","protected":false},"excerpt":{"rendered":"<p>Dar\u00edo Pale Xalapa, Ver.- La se\u00f1ora Rosa Elena Ladron de Guevara Alafita madres del joven Antonio de Jesus Viveros Ladron de Guevara, acompa\u00f1ada de Fabiola Pensado Barrera, madre del joven Argenis Yosimar Pensado Barrera, coincidieron en que las autoridades son omisas y no se ponen a trabajar ni avanzan en las investigaciones. Entrevistada previo a [&hellip;]<\/p>\n","protected":false},"author":2476,"featured_media":38096,"comment_status":"open","ping_status":"open","sticky":false,"template":"","format":"standard","meta":{"_jetpack_memberships_contains_paid_content":false,"footnotes":""},"categories":[3],"tags":[],"class_list":["post-38095","post","type-post","status-publish","format-standard","has-post-thumbnail","hentry","category-xalapa"],"jetpack_featured_media_url":"https:\/\/encuentroinformativo.com.mx\/wp-content\/uploads\/2023\/03\/IMG-20230317-WA0029.jpg","jetpack_sharing_enabled":true,"jetpack_likes_enabled":true,"amp_enabled":true,"_links":{"self":[{"href":"https:\/\/encuentroinformativo.com.mx\/index.php?rest_route=\/wp\/v2\/posts\/38095","targetHints":{"allow":["GET"]}}],"collection":[{"href":"https:\/\/encuentroinformativo.com.mx\/index.php?rest_route=\/wp\/v2\/posts"}],"about":[{"href":"https:\/\/encuentroinformativo.com.mx\/index.php?rest_route=\/wp\/v2\/types\/post"}],"author":[{"embeddable":true,"href":"https:\/\/encuentroinformativo.com.mx\/index.php?rest_route=\/wp\/v2\/users\/2476"}],"replies":[{"embeddable":true,"href":"https:\/\/encuentroinformativo.com.mx\/index.php?rest_route=%2Fwp%2Fv2%2Fcomments&post=38095"}],"version-history":[{"count":1,"href":"https:\/\/encuentroinformativo.com.mx\/index.php?rest_route=\/wp\/v2\/posts\/38095\/revisions"}],"predecessor-version":[{"id":38098,"href":"https:\/\/encuentroinformativo.com.mx\/index.php?rest_route=\/wp\/v2\/posts\/38095\/revisions\/38098"}],"wp:featuredmedia":[{"embeddable":true,"href":"https:\/\/encuentroinformativo.com.mx\/index.php?rest_route=\/wp\/v2\/media\/38096"}],"wp:attachment":[{"href":"https:\/\/encuentroinformativo.com.mx\/index.php?rest_route=%2Fwp%2Fv2%2Fmedia&parent=38095"}],"wp:term":[{"taxonomy":"category","embeddable":true,"href":"https:\/\/encuentroinformativo.com.mx\/index.php?rest_route=%2Fwp%2Fv2%2Fcategories&post=38095"},{"taxonomy":"post_tag","embeddable":true,"href":"https:\/\/encuentroinformativo.com.mx\/index.php?rest_route=%2Fwp%2Fv2%2Ftags&post=38095"}],"curies":[{"name":"wp","href":"https:\/\/api.w.org\/{rel}","templated":true}]}}