{"id":38102,"date":"2023-03-17T12:57:41","date_gmt":"2023-03-17T18:57:41","guid":{"rendered":"https:\/\/encuentroinformativo.com.mx\/?p=38102"},"modified":"2023-03-17T12:57:45","modified_gmt":"2023-03-17T18:57:45","slug":"sin-denuncias-por-acoso-en-la-normal-director","status":"publish","type":"post","link":"https:\/\/encuentroinformativo.com.mx\/?p=38102","title":{"rendered":"Sin denuncias por acoso en la Normal: Director"},"content":{"rendered":"\n<p><strong>Dar\u00edo Pale <\/strong><\/p>\n\n\n\n<p>Xalapa, Ver.- Daniel Dominguez Aguilar director de la Benem\u00e9rita Escuela Normal Veracruzana &#8220;Enrique C. R\u00e9bsamen&#8221;, dio a conocer que contin\u00faan trabajando en el protocolo de violencia de g\u00e9nero, adem\u00e1s hasta el momento no han recibido ninguna denuncia en ese tema.<\/p>\n\n\n\n<p>En entrevista dio a conocer sobre la nueva escuela Mexicana se\u00f1al\u00f3 que est\u00e1n en proceso de construcci\u00f3n de los planes de estudio ya que por primera vez pretenden hacer la construcci\u00f3n de &#8220;abajo para arriba&#8221;, y tomaron en cuenta al magisterio.<\/p>\n\n\n\n<p>&#8220;En el caso de la Normal de R\u00e9bsamen hace mucho a\u00f1os que est\u00e1bamos peleando por cierto margen de autonom\u00eda, es decir que la escuela pudiera hacer propuestas curriculares, afortunadamente eso se logr\u00f3 y hay un espacio importante de contenidos que se est\u00e1n determinando por parte de la planta docente en este momento est\u00e1 el proceso&#8221;, se\u00f1al\u00f3.<\/p>\n\n\n\n<p>Coment\u00f3 que el mapa curricular no lo han concluido van semestre por semestre y actualmente est\u00e1 la etapa de &#8220;codise\u00f1o&#8221;, donde participan las escuelas formadores de docentes, es un trabajo conjunto con las diferentes escuelas normales, como el Centro Regional de Educaci\u00f3n Normal de Tuxpan, el Aguirre Beltr\u00e1n, la Juan Enr\u00edquez de Tlacotalpan, el Centro de Estudios Superiores de Educaci\u00f3n Superior (CESER) Luis Hidalgo Monroy de Tantoyuca y la normal Su\u00e1rez Trujillo.<\/p>\n\n\n\n<p>Coment\u00f3 que es la primera vez donde se hace un trabajo donde las normales se involucran y tiene la posibilidad de proponer contenidos que se engarcen en la curricular nacional.<\/p>\n\n\n\n<p>En otro orden de ideas en cuanto a la denuncia por la entrega de t\u00edtulos coment\u00f3 que son proceso que no concluyen de inmediato sobre todo con los cambios de planes, pero hasta el momento no se a presentado ning\u00fan problema ya que la situaci\u00f3n de la asignaci\u00f3n de plazas ya est\u00e1 subsanado ya que la autoridad ha tenido el cuidado de que ning\u00fan estudiante que haya obtenido alguna plaza no se le quiera retirar.<\/p>\n\n\n\n<p>Asegur\u00f3 que en la Normal no existi\u00f3 ning\u00fan retraso ya que ellos hacen toda la tramitolog\u00eda y la instancia correspondiente donde se lleva toda la normativa que hace el enlace a nivel nacional est\u00e1 subsanado.<\/p>\n\n\n\n<p>En cuanto al protocolo de la violencia de g\u00e9nero coment\u00f3 que contin\u00faan trabajando en ello y lo est\u00e1n realizando en conjunto con la direcci\u00f3n de educaci\u00f3n normal y las \u00e1reas que tienen que ver con ese tema, asegur\u00f3 que el protocolo casi est\u00e1 terminado, este estaba pensado para educaci\u00f3n b\u00e1sica pero para escuelas superiores han tenido que hacer los ajustes adecu\u00e1ndolo a las necesidades.<\/p>\n\n\n\n<p>&#8220;En la Normatividad actual del control escolar viene ya un cap\u00edtulo muy preciso sobre por ejemplo el embarazo, el puerperio, la dismenorrea y todos esos problema o no problemas situaciones que se dan en la mujer y que el protocolo intenta incluir en sus t\u00e9rminos todas estas cuestiones que vienen en una Normatividad federal&#8221;, coment\u00f3.<\/p>\n\n\n\n<p>Sobre las denuncias que han existido en otras escuela en contra de docentes por acus\u00f3 coment\u00f3 \u00a0que hasta el momento no se han presentado en la normal, hubo un tendedero pedag\u00f3gico donde hubo muchos nombres pero no han tenido ninguna denuncia.<\/p>\n\n\n\n<p>Finalmente se\u00f1al\u00f3 que hubo un caso severo donde la secretar\u00eda tom\u00f3 la decisi\u00f3n de separar al maestro es el \u00fanico caso, que fue hace tres a\u00f1os pero quedo subsanado gracias a que las pol\u00edticas tomadas por el gobierno han surtido efecto ya que actualmente se cuida mucho ese aspecto hay caso excepcionales pero se cuida mucho.\u00a0<\/p>\n","protected":false},"excerpt":{"rendered":"<p>Dar\u00edo Pale Xalapa, Ver.- Daniel Dominguez Aguilar director de la Benem\u00e9rita Escuela Normal Veracruzana &#8220;Enrique C. R\u00e9bsamen&#8221;, dio a conocer que contin\u00faan trabajando en el protocolo de violencia de g\u00e9nero, adem\u00e1s hasta el momento no han recibido ninguna denuncia en ese tema. En entrevista dio a conocer sobre la nueva escuela Mexicana se\u00f1al\u00f3 que est\u00e1n [&hellip;]<\/p>\n","protected":false},"author":2476,"featured_media":38103,"comment_status":"open","ping_status":"open","sticky":false,"template":"","format":"standard","meta":{"_jetpack_memberships_contains_paid_content":false,"footnotes":""},"categories":[3],"tags":[],"class_list":["post-38102","post","type-post","status-publish","format-standard","has-post-thumbnail","hentry","category-xalapa"],"jetpack_featured_media_url":"https:\/\/encuentroinformativo.com.mx\/wp-content\/uploads\/2023\/03\/IMG-20230317-WA0073.jpg","jetpack_sharing_enabled":true,"jetpack_likes_enabled":true,"amp_enabled":true,"_links":{"self":[{"href":"https:\/\/encuentroinformativo.com.mx\/index.php?rest_route=\/wp\/v2\/posts\/38102","targetHints":{"allow":["GET"]}}],"collection":[{"href":"https:\/\/encuentroinformativo.com.mx\/index.php?rest_route=\/wp\/v2\/posts"}],"about":[{"href":"https:\/\/encuentroinformativo.com.mx\/index.php?rest_route=\/wp\/v2\/types\/post"}],"author":[{"embeddable":true,"href":"https:\/\/encuentroinformativo.com.mx\/index.php?rest_route=\/wp\/v2\/users\/2476"}],"replies":[{"embeddable":true,"href":"https:\/\/encuentroinformativo.com.mx\/index.php?rest_route=%2Fwp%2Fv2%2Fcomments&post=38102"}],"version-history":[{"count":1,"href":"https:\/\/encuentroinformativo.com.mx\/index.php?rest_route=\/wp\/v2\/posts\/38102\/revisions"}],"predecessor-version":[{"id":38104,"href":"https:\/\/encuentroinformativo.com.mx\/index.php?rest_route=\/wp\/v2\/posts\/38102\/revisions\/38104"}],"wp:featuredmedia":[{"embeddable":true,"href":"https:\/\/encuentroinformativo.com.mx\/index.php?rest_route=\/wp\/v2\/media\/38103"}],"wp:attachment":[{"href":"https:\/\/encuentroinformativo.com.mx\/index.php?rest_route=%2Fwp%2Fv2%2Fmedia&parent=38102"}],"wp:term":[{"taxonomy":"category","embeddable":true,"href":"https:\/\/encuentroinformativo.com.mx\/index.php?rest_route=%2Fwp%2Fv2%2Fcategories&post=38102"},{"taxonomy":"post_tag","embeddable":true,"href":"https:\/\/encuentroinformativo.com.mx\/index.php?rest_route=%2Fwp%2Fv2%2Ftags&post=38102"}],"curies":[{"name":"wp","href":"https:\/\/api.w.org\/{rel}","templated":true}]}}