{"id":38116,"date":"2023-03-17T14:15:27","date_gmt":"2023-03-17T20:15:27","guid":{"rendered":"https:\/\/encuentroinformativo.com.mx\/?p=38116"},"modified":"2023-03-17T14:15:30","modified_gmt":"2023-03-17T20:15:30","slug":"captura-un-tiburon-toro-en-el-puerto-de-veracruz","status":"publish","type":"post","link":"https:\/\/encuentroinformativo.com.mx\/?p=38116","title":{"rendered":"Captura un Tibur\u00f3n Toro en el puerto de Veracruz"},"content":{"rendered":"\n<p><strong>Alejandro \u00c1vila<\/strong><\/p>\n\n\n\n<p>Veracruz, Ver.- Pescadores del municipio de Veracruz capturaron este jueves un Tibur\u00f3n Toro.<\/p>\n\n\n\n<p>El presidente de la Federaci\u00f3n de Pescadores de Veracruz, Bernardo Hern\u00e1ndez, aclar\u00f3 que la captura fue incidental pues no iban con ese objetivo; sobre la especie, dijo que mide 2 metros y 30 centimetros, y peso 150 kilos.<\/p>\n\n\n\n<p>&#8220;Es una pesca incidental, no va dirigida las actividades que hacemos hacia la captura de tiburones aunque s\u00ed tenemos permisos, pero en esta ocasi\u00f3n se enred\u00f3 en una red fr\u00e1gil, una red que no est\u00e1 destinada para ellos, y bueno lleg\u00f3 el tibur\u00f3n a comer la sierra o el peto, lo que encontr\u00f3 y, desafortunadamente para \u00e9l se enred\u00f3 y fue capturado, afortunado para los pescadores porque ahorita no hay nada, no hay producci\u00f3n, estamos en la temporada fuerte, en la temporada de cuaresma y no ha habido producci\u00f3n&#8221;, mencion\u00f3.<\/p>\n\n\n\n<p>Al respecto de la baja producci\u00f3n pesquera, dijo que este jueves les afect\u00f3 la surada, y hoy por la noche entra un nuevo Frente Fr\u00edo que se podr\u00eda extender hasta el domingo, por lo que durante tres d\u00edas no podr\u00e1n salir a navegar.<\/p>\n\n\n\n<p>Sobre la pesca del tibur\u00f3n dijo que esta no est\u00e1 prohibida, solo en \u00e9pocas de veda, misma que inicia en el mes de mayo; las especies de tibur\u00f3n que no se pueden tocar, son el tibur\u00f3n blanco y el tibur\u00f3n zorro.<\/p>\n","protected":false},"excerpt":{"rendered":"<p>Alejandro \u00c1vila Veracruz, Ver.- Pescadores del municipio de Veracruz capturaron este jueves un Tibur\u00f3n Toro. El presidente de la Federaci\u00f3n de Pescadores de Veracruz, Bernardo Hern\u00e1ndez, aclar\u00f3 que la captura fue incidental pues no iban con ese objetivo; sobre la especie, dijo que mide 2 metros y 30 centimetros, y peso 150 kilos. &#8220;Es una [&hellip;]<\/p>\n","protected":false},"author":2476,"featured_media":38117,"comment_status":"open","ping_status":"open","sticky":false,"template":"","format":"standard","meta":{"_jetpack_memberships_contains_paid_content":false,"footnotes":""},"categories":[2],"tags":[],"class_list":["post-38116","post","type-post","status-publish","format-standard","has-post-thumbnail","hentry","category-estado"],"jetpack_featured_media_url":"https:\/\/encuentroinformativo.com.mx\/wp-content\/uploads\/2023\/03\/IMG-20230317-WA00742.jpg","jetpack_sharing_enabled":true,"jetpack_likes_enabled":true,"amp_enabled":true,"_links":{"self":[{"href":"https:\/\/encuentroinformativo.com.mx\/index.php?rest_route=\/wp\/v2\/posts\/38116","targetHints":{"allow":["GET"]}}],"collection":[{"href":"https:\/\/encuentroinformativo.com.mx\/index.php?rest_route=\/wp\/v2\/posts"}],"about":[{"href":"https:\/\/encuentroinformativo.com.mx\/index.php?rest_route=\/wp\/v2\/types\/post"}],"author":[{"embeddable":true,"href":"https:\/\/encuentroinformativo.com.mx\/index.php?rest_route=\/wp\/v2\/users\/2476"}],"replies":[{"embeddable":true,"href":"https:\/\/encuentroinformativo.com.mx\/index.php?rest_route=%2Fwp%2Fv2%2Fcomments&post=38116"}],"version-history":[{"count":1,"href":"https:\/\/encuentroinformativo.com.mx\/index.php?rest_route=\/wp\/v2\/posts\/38116\/revisions"}],"predecessor-version":[{"id":38118,"href":"https:\/\/encuentroinformativo.com.mx\/index.php?rest_route=\/wp\/v2\/posts\/38116\/revisions\/38118"}],"wp:featuredmedia":[{"embeddable":true,"href":"https:\/\/encuentroinformativo.com.mx\/index.php?rest_route=\/wp\/v2\/media\/38117"}],"wp:attachment":[{"href":"https:\/\/encuentroinformativo.com.mx\/index.php?rest_route=%2Fwp%2Fv2%2Fmedia&parent=38116"}],"wp:term":[{"taxonomy":"category","embeddable":true,"href":"https:\/\/encuentroinformativo.com.mx\/index.php?rest_route=%2Fwp%2Fv2%2Fcategories&post=38116"},{"taxonomy":"post_tag","embeddable":true,"href":"https:\/\/encuentroinformativo.com.mx\/index.php?rest_route=%2Fwp%2Fv2%2Ftags&post=38116"}],"curies":[{"name":"wp","href":"https:\/\/api.w.org\/{rel}","templated":true}]}}