{"id":3812,"date":"2020-07-02T17:47:41","date_gmt":"2020-07-02T22:47:41","guid":{"rendered":"https:\/\/encuentroinformativo.com\/?p=3812"},"modified":"2020-07-02T17:47:45","modified_gmt":"2020-07-02T22:47:45","slug":"pandemia-golpea-al-sector-hotelero-y-restaurantero-empresarios","status":"publish","type":"post","link":"https:\/\/encuentroinformativo.com.mx\/?p=3812","title":{"rendered":"Pandemia golpea al sector hotelero y restaurantero: Empresarios"},"content":{"rendered":"\n<p><strong>Dar\u00edo Pale <\/strong><\/p>\n\n\n\n<p>Xalapa, Ver.- El sector hotelero y el restaurantero est\u00e1 realmente &#8220;golpeado&#8221; debido a la pandemia, as\u00ed lo se\u00f1al\u00f3 el presidente de la Uni\u00f3n de Empresarios y Hoteleros, Regi\u00f3n Cultura y Aventura AC, Marcos Su\u00e1rez Dom\u00ednguez.<\/p>\n\n\n\n<p>Entrevistado en las calles del centro de Xalapa, dio a conocer que si bien algunos lograron trabajar con un 3 \u00f3 un 4 por ciento de ocupaci\u00f3n, que no significa pr\u00e1cticamente nada, muchos mejor tomaron la decisi\u00f3n de cerrar, de dar descansos a sus trabajadores.<\/p>\n\n\n\n<p>&#8220;Estamos muy bajos en hospedaje, ahorita que se viene el verano, en algunos lugares les beneficiar\u00e1 m\u00e1s que a otros. Xalapa siempre es baja cuando vienen est\u00e1s vacaciones, esto nos pega a\u00fan m\u00e1s&#8221;, indic\u00f3.<\/p>\n\n\n\n<p>Reconoci\u00f3 que en este momento ya abrieron la mayor\u00eda de los hoteles, pero al iniciar la pandemia cerraron alrededor del 30 por ciento de hoteles y moteles, es decir, alrededor de 130 fueron los que cerraron.<\/p>\n\n\n\n<p>&#8220;Estamos muy bajos en hospedaje y en Xalapa en esta \u00e9poca la gente tiende mas a salir, entonces esto nos pega a\u00fan m\u00e1s&#8221;, lament\u00f3.<\/p>\n\n\n\n<p>El l\u00edder empresarial dijo que no han cuantificado las p\u00e9rdidas, pero adem\u00e1s otros est\u00e1n muy golpeados econ\u00f3micamente por lo que no descartan cerrar permanentemente.<\/p>\n\n\n\n<p>Lament\u00f3 que el gobierno no haya brindado apoyos o incentivos al sector, &#8220;Sab\u00edamos que desde el a\u00f1o pasado ya se ven\u00edan haciendo cierre de hoteles, pero con la pandemia todav\u00eda no lo sabemos&#8221;.<\/p>\n\n\n\n<p>Su\u00e1rez Dom\u00ednguez critic\u00f3 la &#8220;pobreza&#8221; de la difusi\u00f3n \u00a0gubernamental para reactivar la econom\u00eda de las ciudades, particularmente de Xalapa que siempre tiene otro tipo de visitantes.<\/p>\n\n\n\n<p>&#8220;La verdad es que la difusi\u00f3n tur\u00edstica desde que inici\u00f3 este gobierno federal se cancel\u00f3 el organismo de difusi\u00f3n tur\u00edstica y desde ah\u00ed comenz\u00f3 a bajar la promoci\u00f3n de M\u00e9xico hacia el mundo. Antes est\u00e1bamos en el tercer lugar, ahora estamos en el noveno lugar porque no le dieron la importancia al sector turismo&#8221;, finaliz\u00f3.<\/p>\n\n\n\n<p><\/p>\n","protected":false},"excerpt":{"rendered":"<p>Dar\u00edo Pale Xalapa, Ver.- El sector hotelero y el restaurantero est\u00e1 realmente &#8220;golpeado&#8221; debido a la pandemia, as\u00ed lo se\u00f1al\u00f3 el presidente de la Uni\u00f3n de Empresarios y Hoteleros, Regi\u00f3n Cultura y Aventura AC, Marcos Su\u00e1rez Dom\u00ednguez. Entrevistado en las calles del centro de Xalapa, dio a conocer que si bien algunos lograron trabajar con [&hellip;]<\/p>\n","protected":false},"author":1,"featured_media":3813,"comment_status":"open","ping_status":"open","sticky":false,"template":"","format":"standard","meta":{"_jetpack_memberships_contains_paid_content":false,"footnotes":""},"categories":[2],"tags":[],"class_list":["post-3812","post","type-post","status-publish","format-standard","has-post-thumbnail","hentry","category-estado"],"jetpack_featured_media_url":"https:\/\/encuentroinformativo.com.mx\/wp-content\/uploads\/2020\/07\/C6FA7030-8974-4DF5-9E01-FEDE02538298.jpeg","jetpack_sharing_enabled":true,"jetpack_likes_enabled":true,"amp_enabled":true,"_links":{"self":[{"href":"https:\/\/encuentroinformativo.com.mx\/index.php?rest_route=\/wp\/v2\/posts\/3812","targetHints":{"allow":["GET"]}}],"collection":[{"href":"https:\/\/encuentroinformativo.com.mx\/index.php?rest_route=\/wp\/v2\/posts"}],"about":[{"href":"https:\/\/encuentroinformativo.com.mx\/index.php?rest_route=\/wp\/v2\/types\/post"}],"author":[{"embeddable":true,"href":"https:\/\/encuentroinformativo.com.mx\/index.php?rest_route=\/wp\/v2\/users\/1"}],"replies":[{"embeddable":true,"href":"https:\/\/encuentroinformativo.com.mx\/index.php?rest_route=%2Fwp%2Fv2%2Fcomments&post=3812"}],"version-history":[{"count":1,"href":"https:\/\/encuentroinformativo.com.mx\/index.php?rest_route=\/wp\/v2\/posts\/3812\/revisions"}],"predecessor-version":[{"id":3814,"href":"https:\/\/encuentroinformativo.com.mx\/index.php?rest_route=\/wp\/v2\/posts\/3812\/revisions\/3814"}],"wp:featuredmedia":[{"embeddable":true,"href":"https:\/\/encuentroinformativo.com.mx\/index.php?rest_route=\/wp\/v2\/media\/3813"}],"wp:attachment":[{"href":"https:\/\/encuentroinformativo.com.mx\/index.php?rest_route=%2Fwp%2Fv2%2Fmedia&parent=3812"}],"wp:term":[{"taxonomy":"category","embeddable":true,"href":"https:\/\/encuentroinformativo.com.mx\/index.php?rest_route=%2Fwp%2Fv2%2Fcategories&post=3812"},{"taxonomy":"post_tag","embeddable":true,"href":"https:\/\/encuentroinformativo.com.mx\/index.php?rest_route=%2Fwp%2Fv2%2Ftags&post=3812"}],"curies":[{"name":"wp","href":"https:\/\/api.w.org\/{rel}","templated":true}]}}