{"id":38123,"date":"2023-03-17T15:59:36","date_gmt":"2023-03-17T21:59:36","guid":{"rendered":"https:\/\/encuentroinformativo.com.mx\/?p=38123"},"modified":"2023-03-17T15:59:39","modified_gmt":"2023-03-17T21:59:39","slug":"se-mantiene-en-alerta-pc-por-paso-de-frente-frio","status":"publish","type":"post","link":"https:\/\/encuentroinformativo.com.mx\/?p=38123","title":{"rendered":"Se mantiene en alerta PC por paso de frente fr\u00edo"},"content":{"rendered":"\n<p><strong>Dar\u00edo Pale <\/strong><\/p>\n\n\n\n<p>Xalapa, Ver.- Personal de Protecci\u00f3n Civil municipal se encuentra activa en las 9 zonas vulnerables de Xalapa por el ingreso del frente fr\u00edo n\u00famero 41, as\u00ed lo dio a conocer el director de dicha \u00e1rea Luis Sardi\u00f1a Salgado.<\/p>\n\n\n\n<p>En entrevista se\u00f1al\u00f3 que, debido a la alerta gris por el ingreso del frente fr\u00edo n\u00famero 41, indic\u00f3 que en Xalapa las rachas de viento podr\u00edan alcanzar los 40 o 50 kil\u00f3metros por hora.<\/p>\n\n\n\n<p>&#8220;Ya estamos preventivamente en todas nuestras nueve zonas vulnerables argumentando que pueda haber algunas lluvias, choque de viento caliente y fr\u00edo y quiz\u00e1, algunas suradas&#8221;, se\u00f1al\u00f3.<\/p>\n\n\n\n<p>En ese sentido, coment\u00f3 que ya est\u00e1n en alerta y pendientes en toda la ciudad, ya que este jueves se emiti\u00f3 una Alerta Gris por surada y el ingreso del frente fr\u00edo n\u00famero 41, el cual ingres\u00f3 el d\u00eda de ayer al noroeste del Golfo de M\u00e9xico y se preve\u00eda que cruzar\u00eda el norte de Tamaulipas.<\/p>\n\n\n\n<p>La surada tender\u00e1 a debilitarse gradualmente hacia el mediod\u00eda de este viernes, pero habr\u00eda alcanzado rachas de 70 a 85 km\/h en las partes altas de los Tuxtlas y entre Jes\u00fas Carranza-Acayucan, de 60 a 70 km\/h en la zonas del Valle de Perote y \u00a0Orizaba, menores en la costa norte.<\/p>\n\n\n\n<p>En el caso del sem\u00e1foro que se cay\u00f3 en la parte posterior de Plaza Cristal muy cerca de la v\u00eda del tren, descart\u00f3 que se haya ca\u00eddo por alguna racha de viento, se cay\u00f3 por falta de mantenimiento.<\/p>\n\n\n\n<p>Finalmente dio a conocer que, &#8220;eso fue por falta de rehabilitaci\u00f3n, de mantenimiento, eso no fue por el aire, sin embargo, nosotros acordonamos y lleg\u00f3 Tr\u00e1nsito y Seguridad P\u00fablica y se dio toda la atenci\u00f3n&#8221;.<\/p>\n","protected":false},"excerpt":{"rendered":"<p>Dar\u00edo Pale Xalapa, Ver.- Personal de Protecci\u00f3n Civil municipal se encuentra activa en las 9 zonas vulnerables de Xalapa por el ingreso del frente fr\u00edo n\u00famero 41, as\u00ed lo dio a conocer el director de dicha \u00e1rea Luis Sardi\u00f1a Salgado. En entrevista se\u00f1al\u00f3 que, debido a la alerta gris por el ingreso del frente fr\u00edo [&hellip;]<\/p>\n","protected":false},"author":2476,"featured_media":38124,"comment_status":"open","ping_status":"open","sticky":false,"template":"","format":"standard","meta":{"_jetpack_memberships_contains_paid_content":false,"footnotes":""},"categories":[3],"tags":[],"class_list":["post-38123","post","type-post","status-publish","format-standard","has-post-thumbnail","hentry","category-xalapa"],"jetpack_featured_media_url":"https:\/\/encuentroinformativo.com.mx\/wp-content\/uploads\/2023\/03\/IMG-20230317-WA0080.jpg","jetpack_sharing_enabled":true,"jetpack_likes_enabled":true,"amp_enabled":true,"_links":{"self":[{"href":"https:\/\/encuentroinformativo.com.mx\/index.php?rest_route=\/wp\/v2\/posts\/38123","targetHints":{"allow":["GET"]}}],"collection":[{"href":"https:\/\/encuentroinformativo.com.mx\/index.php?rest_route=\/wp\/v2\/posts"}],"about":[{"href":"https:\/\/encuentroinformativo.com.mx\/index.php?rest_route=\/wp\/v2\/types\/post"}],"author":[{"embeddable":true,"href":"https:\/\/encuentroinformativo.com.mx\/index.php?rest_route=\/wp\/v2\/users\/2476"}],"replies":[{"embeddable":true,"href":"https:\/\/encuentroinformativo.com.mx\/index.php?rest_route=%2Fwp%2Fv2%2Fcomments&post=38123"}],"version-history":[{"count":1,"href":"https:\/\/encuentroinformativo.com.mx\/index.php?rest_route=\/wp\/v2\/posts\/38123\/revisions"}],"predecessor-version":[{"id":38125,"href":"https:\/\/encuentroinformativo.com.mx\/index.php?rest_route=\/wp\/v2\/posts\/38123\/revisions\/38125"}],"wp:featuredmedia":[{"embeddable":true,"href":"https:\/\/encuentroinformativo.com.mx\/index.php?rest_route=\/wp\/v2\/media\/38124"}],"wp:attachment":[{"href":"https:\/\/encuentroinformativo.com.mx\/index.php?rest_route=%2Fwp%2Fv2%2Fmedia&parent=38123"}],"wp:term":[{"taxonomy":"category","embeddable":true,"href":"https:\/\/encuentroinformativo.com.mx\/index.php?rest_route=%2Fwp%2Fv2%2Fcategories&post=38123"},{"taxonomy":"post_tag","embeddable":true,"href":"https:\/\/encuentroinformativo.com.mx\/index.php?rest_route=%2Fwp%2Fv2%2Ftags&post=38123"}],"curies":[{"name":"wp","href":"https:\/\/api.w.org\/{rel}","templated":true}]}}