{"id":38141,"date":"2023-03-17T20:44:08","date_gmt":"2023-03-18T02:44:08","guid":{"rendered":"https:\/\/encuentroinformativo.com.mx\/?p=38141"},"modified":"2023-03-17T20:44:12","modified_gmt":"2023-03-18T02:44:12","slug":"detienen-a-feminicida-de-medellin-de-bravo","status":"publish","type":"post","link":"https:\/\/encuentroinformativo.com.mx\/?p=38141","title":{"rendered":"Detienen a feminicida de Medell\u00edn de Bravo"},"content":{"rendered":"\n<p><strong>Alejandro \u00c1vila<\/strong><\/p>\n\n\n\n<p><strong>Fotos: <\/strong>Sergio Aldazaba\/Cortes\u00eda <\/p>\n\n\n\n<p>Medell\u00edn de Bravo, Ver.- Jessica S.C. de 27 a\u00f1os fue v\u00edctima de feminicidio a manos de su pareja la ma\u00f1ana de este viernes, tras haber sufrido durante 4 a\u00f1os innumerables abusos psicol\u00f3gicos, f\u00edsicos y sexuales.<\/p>\n\n\n\n<p>El feminicidio tuvo lugar en la colonia Benito Ju\u00e1rez de la localidad de El Tejar espec\u00edficamente en la calle Miguel Hidalgo, perteneciente al municipio de Medell\u00edn de Bravo.<\/p>\n\n\n\n<p>Los vecinos se\u00f1alaron que desde la noche del jueves iniciaron las discusiones, incluso puntualizaron que Juan Carlos &#8220;N&#8221; alias el &#8220;Matapato&#8221; golpeaba con frecuencia a la hoy occisa.<\/p>\n\n\n\n<p>Se pudo conocer que la joven intent\u00f3 huir la ma\u00f1ana de este viernes del domicilio donde constantemente era maltratada; sin embargo, su agresor la alcanz\u00f3, la tom\u00f3 del cabello y la arrastr\u00f3 hacia la vivienda donde habr\u00eda perpetrado el crimen.<\/p>\n\n\n\n<p>Testigos de lo sucedido llamaron al n\u00famero de emergencia 911, minutos despu\u00e9s elementos de la Polic\u00eda Estatal acudieron al domicilio para encontrar al se\u00f1alado junto al cuerpo, momento en el que fue capturado por los oficiales.<\/p>\n\n\n\n<p>Esta tormentosa relaci\u00f3n se sostuvo alrededor de cuatro a\u00f1os seg\u00fan informaron familiares de la v\u00edctima, quienes revelaron que no s\u00f3lo la ten\u00eda amenazada de muerte a ella, sino tambi\u00e9n a ellos y hasta a sus vecinos.<\/p>\n\n\n\n<p>Relataron a los medios que en numerosas ocasiones la sacaron de la casa a escondidas para que ya no la maltratara, pero \u00e9l siempre iba a buscarla con pistola o machete en mano y les dec\u00eda que si segu\u00edan inmiscuy\u00e9ndose, los matar\u00eda a todos, ya que \u00e9l es un hombre poderoso e influyente.<\/p>\n\n\n\n<p>Este viernes finalmente cumpli\u00f3 su amenaza contra Jessica, a quien le arrebat\u00f3 la vida a golpes, pues se trata de un sujeto sumamente violento se\u00f1alaron vecinos, a los cuales robaba constantemente para poder tomar y drogarse.<\/p>\n\n\n\n<p>El detalle m\u00e1s aterrador de este cruento crimen, es que una ni\u00f1a de 8 a\u00f1os de edad hija de &#8220;El Matapatos&#8221; producto de una relaci\u00f3n anterior que viv\u00eda en esa peque\u00f1a casa, tuvo que presenciar como asesinaba a su madrastra.<\/p>\n\n\n\n<figure class=\"wp-block-image size-large\"><img loading=\"lazy\" decoding=\"async\" width=\"1024\" height=\"678\" src=\"https:\/\/encuentroinformativo.com.mx\/wp-content\/uploads\/2023\/03\/IMG-20230317-WA0135-1024x678.jpg\" alt=\"\" class=\"wp-image-38143\" srcset=\"https:\/\/encuentroinformativo.com.mx\/wp-content\/uploads\/2023\/03\/IMG-20230317-WA0135-1024x678.jpg 1024w, https:\/\/encuentroinformativo.com.mx\/wp-content\/uploads\/2023\/03\/IMG-20230317-WA0135-300x199.jpg 300w, https:\/\/encuentroinformativo.com.mx\/wp-content\/uploads\/2023\/03\/IMG-20230317-WA0135-768x509.jpg 768w, https:\/\/encuentroinformativo.com.mx\/wp-content\/uploads\/2023\/03\/IMG-20230317-WA0135-1536x1018.jpg 1536w, https:\/\/encuentroinformativo.com.mx\/wp-content\/uploads\/2023\/03\/IMG-20230317-WA0135.jpg 1600w\" sizes=\"auto, (max-width: 1024px) 100vw, 1024px\" \/><\/figure>\n","protected":false},"excerpt":{"rendered":"<p>Alejandro \u00c1vila Fotos: Sergio Aldazaba\/Cortes\u00eda Medell\u00edn de Bravo, Ver.- Jessica S.C. de 27 a\u00f1os fue v\u00edctima de feminicidio a manos de su pareja la ma\u00f1ana de este viernes, tras haber sufrido durante 4 a\u00f1os innumerables abusos psicol\u00f3gicos, f\u00edsicos y sexuales. El feminicidio tuvo lugar en la colonia Benito Ju\u00e1rez de la localidad de El Tejar [&hellip;]<\/p>\n","protected":false},"author":2476,"featured_media":38142,"comment_status":"open","ping_status":"open","sticky":false,"template":"","format":"standard","meta":{"_jetpack_memberships_contains_paid_content":false,"footnotes":""},"categories":[14],"tags":[],"class_list":["post-38141","post","type-post","status-publish","format-standard","has-post-thumbnail","hentry","category-policiaca"],"jetpack_featured_media_url":"https:\/\/encuentroinformativo.com.mx\/wp-content\/uploads\/2023\/03\/IMG-20230317-WA0133.jpg","jetpack_sharing_enabled":true,"jetpack_likes_enabled":true,"amp_enabled":true,"_links":{"self":[{"href":"https:\/\/encuentroinformativo.com.mx\/index.php?rest_route=\/wp\/v2\/posts\/38141","targetHints":{"allow":["GET"]}}],"collection":[{"href":"https:\/\/encuentroinformativo.com.mx\/index.php?rest_route=\/wp\/v2\/posts"}],"about":[{"href":"https:\/\/encuentroinformativo.com.mx\/index.php?rest_route=\/wp\/v2\/types\/post"}],"author":[{"embeddable":true,"href":"https:\/\/encuentroinformativo.com.mx\/index.php?rest_route=\/wp\/v2\/users\/2476"}],"replies":[{"embeddable":true,"href":"https:\/\/encuentroinformativo.com.mx\/index.php?rest_route=%2Fwp%2Fv2%2Fcomments&post=38141"}],"version-history":[{"count":1,"href":"https:\/\/encuentroinformativo.com.mx\/index.php?rest_route=\/wp\/v2\/posts\/38141\/revisions"}],"predecessor-version":[{"id":38144,"href":"https:\/\/encuentroinformativo.com.mx\/index.php?rest_route=\/wp\/v2\/posts\/38141\/revisions\/38144"}],"wp:featuredmedia":[{"embeddable":true,"href":"https:\/\/encuentroinformativo.com.mx\/index.php?rest_route=\/wp\/v2\/media\/38142"}],"wp:attachment":[{"href":"https:\/\/encuentroinformativo.com.mx\/index.php?rest_route=%2Fwp%2Fv2%2Fmedia&parent=38141"}],"wp:term":[{"taxonomy":"category","embeddable":true,"href":"https:\/\/encuentroinformativo.com.mx\/index.php?rest_route=%2Fwp%2Fv2%2Fcategories&post=38141"},{"taxonomy":"post_tag","embeddable":true,"href":"https:\/\/encuentroinformativo.com.mx\/index.php?rest_route=%2Fwp%2Fv2%2Ftags&post=38141"}],"curies":[{"name":"wp","href":"https:\/\/api.w.org\/{rel}","templated":true}]}}