{"id":38148,"date":"2023-03-18T14:44:37","date_gmt":"2023-03-18T20:44:37","guid":{"rendered":"https:\/\/encuentroinformativo.com.mx\/?p=38148"},"modified":"2023-03-18T14:44:42","modified_gmt":"2023-03-18T20:44:42","slug":"entregan-certificados-de-sobrevivencia-en-plaza-lerdo","status":"publish","type":"post","link":"https:\/\/encuentroinformativo.com.mx\/?p=38148","title":{"rendered":"Entregan certificados de sobrevivencia en Plaza Lerdo"},"content":{"rendered":"\n<p><strong>Dar\u00edo Pale <\/strong><\/p>\n\n\n\n<p>Xalapa Ver.- Mina y Fru artistas independientes repartieron certificados de sobrevivencia en la plaza Lerdo y comentaron que el hecho de que una mujer est\u00e9 al frente de una dependencia no es garant\u00eda de que las va a defender ya que no saben si son mis\u00f3ginas u otras personas deciden por ellas.\u00a0<\/p>\n\n\n\n<p>En entrevista dieron a conocer que les preocupa el tema del feminicidio en M\u00e9xico y se \u00a0reunieron para ver c\u00f3mo pueden contribuir y reflexionar con otras mujeres acerca de las muertes que diariamente hay en el pa\u00eds y que cada d\u00eda van en aumento.<\/p>\n\n\n\n<p>Coment\u00f3 que ellas dan certificados de sobrevivencia a que todas las mujeres est\u00e1n expuestas a que las maten en cualquier momento sin que importe la clase social, la raza o a donde pertenezcas todas son vulnerables.<\/p>\n\n\n\n<p>La acci\u00f3n que realizan el d\u00eda de hoy que es la entrega de certificados, es parte de las ideas que comparten y pretende ser una acci\u00f3n que desde darte tiene que ver con el an\u00e1lisis, la cr\u00edtica social al igual que con la acci\u00f3n colectiva, el arte feminista o en general muchas veces ha tomado esa forma.<\/p>\n\n\n\n<p>Este tipo de acciones colectiva donde las mujeres se acercan implica que se tomen un momento y reflexionar juntas &#8220;qu\u00e9 rayos significa estar en un estado feminicida, en un pa\u00eds feminicida en el 2023 donde nos matan a 11 cada d\u00eda&#8221;.<\/p>\n\n\n\n<p>&#8220;Antes de cada 11 hay un mont\u00f3n de violencias cotidianas en todas las instituciones en todas las familias muy probablemente y en todos los espacios, en la calle y en los espacios privados y reflexionamos un momento que significa estar viva en este pa\u00eds a pesar de ser un pa\u00eds feminicida y un mundo feminicida&#8221;, agreg\u00f3.<\/p>\n\n\n\n<p>Se ponen a reflexionar juntas cuales son sus exigencias hacia el gobiernos y la sociedad civil, cu\u00e1les son sus deseos y como lo desean, como se imaginan y que proyectan adem\u00e1s de los compromisos que pueden adquirir o seguro haciendo ya que las mujeres hacen un mont\u00f3n de cosas todos los d\u00edas por su vida y pro sobrevivir.<\/p>\n\n\n\n<p>Se\u00f1al\u00f3 que el estar viva en la actualidad lo calificaron como un acto heroico, es resistencia, amor, cuidado, no es locura como ahora les dec\u00edan que se ponen &#8220;muy recias&#8221; en la marcha de que les hagan caso de que las cuiden y se cuiden entre ellas.<\/p>\n\n\n\n<p>Dio a conocer que tambi\u00e9n viven con miedo ya que una experiencia compartida por todos los cuerpos feminizados es el miedo ya que salen a la calle y les da miedo van a la universidad y les da miedo ya que est\u00e1 llena de agresores sexuales al igual que muchas en sus casa viven con miedo a sus familiares.<\/p>\n\n\n\n<p>Coment\u00f3 que actualmente en el estado hay un problema serio de desapariciones, de violencia &#8220;muy cabronas&#8221; hacia las personas activistas, a los periodistas y representa un contexto contra el que tienen que desarrollar estrategias organizarse, reflexionar y poner la indigencia colectiva porque las est\u00e1n matando.<\/p>\n\n\n\n<p>Finalmente se\u00f1al\u00f3 que es bueno que haya mujeres en puestos de poder pero eso no resuelve el problema ya que al final no saben si son mis\u00f3ginas o ellas van a decidir o est\u00e1n otras personas que est\u00e1n decidiendo por ellas, por lo que eso no representa que las est\u00e9n cuidando.<\/p>\n\n\n\n<figure class=\"wp-block-image size-large\"><img loading=\"lazy\" decoding=\"async\" width=\"1024\" height=\"682\" src=\"https:\/\/encuentroinformativo.com.mx\/wp-content\/uploads\/2023\/03\/IMG-20230318-WA0028-1024x682.jpg\" alt=\"\" class=\"wp-image-38150\" srcset=\"https:\/\/encuentroinformativo.com.mx\/wp-content\/uploads\/2023\/03\/IMG-20230318-WA0028-1024x682.jpg 1024w, https:\/\/encuentroinformativo.com.mx\/wp-content\/uploads\/2023\/03\/IMG-20230318-WA0028-300x200.jpg 300w, https:\/\/encuentroinformativo.com.mx\/wp-content\/uploads\/2023\/03\/IMG-20230318-WA0028-768x512.jpg 768w, https:\/\/encuentroinformativo.com.mx\/wp-content\/uploads\/2023\/03\/IMG-20230318-WA0028.jpg 1280w\" sizes=\"auto, (max-width: 1024px) 100vw, 1024px\" \/><\/figure>\n","protected":false},"excerpt":{"rendered":"<p>Dar\u00edo Pale Xalapa Ver.- Mina y Fru artistas independientes repartieron certificados de sobrevivencia en la plaza Lerdo y comentaron que el hecho de que una mujer est\u00e9 al frente de una dependencia no es garant\u00eda de que las va a defender ya que no saben si son mis\u00f3ginas u otras personas deciden por ellas.\u00a0 En [&hellip;]<\/p>\n","protected":false},"author":2476,"featured_media":38149,"comment_status":"open","ping_status":"open","sticky":false,"template":"","format":"standard","meta":{"_jetpack_memberships_contains_paid_content":false,"footnotes":""},"categories":[3],"tags":[],"class_list":["post-38148","post","type-post","status-publish","format-standard","has-post-thumbnail","hentry","category-xalapa"],"jetpack_featured_media_url":"https:\/\/encuentroinformativo.com.mx\/wp-content\/uploads\/2023\/03\/IMG-20230318-WA0030.jpg","jetpack_sharing_enabled":true,"jetpack_likes_enabled":true,"amp_enabled":true,"_links":{"self":[{"href":"https:\/\/encuentroinformativo.com.mx\/index.php?rest_route=\/wp\/v2\/posts\/38148","targetHints":{"allow":["GET"]}}],"collection":[{"href":"https:\/\/encuentroinformativo.com.mx\/index.php?rest_route=\/wp\/v2\/posts"}],"about":[{"href":"https:\/\/encuentroinformativo.com.mx\/index.php?rest_route=\/wp\/v2\/types\/post"}],"author":[{"embeddable":true,"href":"https:\/\/encuentroinformativo.com.mx\/index.php?rest_route=\/wp\/v2\/users\/2476"}],"replies":[{"embeddable":true,"href":"https:\/\/encuentroinformativo.com.mx\/index.php?rest_route=%2Fwp%2Fv2%2Fcomments&post=38148"}],"version-history":[{"count":1,"href":"https:\/\/encuentroinformativo.com.mx\/index.php?rest_route=\/wp\/v2\/posts\/38148\/revisions"}],"predecessor-version":[{"id":38151,"href":"https:\/\/encuentroinformativo.com.mx\/index.php?rest_route=\/wp\/v2\/posts\/38148\/revisions\/38151"}],"wp:featuredmedia":[{"embeddable":true,"href":"https:\/\/encuentroinformativo.com.mx\/index.php?rest_route=\/wp\/v2\/media\/38149"}],"wp:attachment":[{"href":"https:\/\/encuentroinformativo.com.mx\/index.php?rest_route=%2Fwp%2Fv2%2Fmedia&parent=38148"}],"wp:term":[{"taxonomy":"category","embeddable":true,"href":"https:\/\/encuentroinformativo.com.mx\/index.php?rest_route=%2Fwp%2Fv2%2Fcategories&post=38148"},{"taxonomy":"post_tag","embeddable":true,"href":"https:\/\/encuentroinformativo.com.mx\/index.php?rest_route=%2Fwp%2Fv2%2Ftags&post=38148"}],"curies":[{"name":"wp","href":"https:\/\/api.w.org\/{rel}","templated":true}]}}