{"id":3815,"date":"2020-07-02T20:13:41","date_gmt":"2020-07-03T01:13:41","guid":{"rendered":"https:\/\/encuentroinformativo.com\/?p=3815"},"modified":"2020-07-02T20:13:45","modified_gmt":"2020-07-03T01:13:45","slug":"lanza-morena-nueva-convocatoria-para-renovar-dirigencia","status":"publish","type":"post","link":"https:\/\/encuentroinformativo.com.mx\/?p=3815","title":{"rendered":"Lanza Morena nueva convocatoria para renovar dirigencia"},"content":{"rendered":"\n<p>Xalapa, Ver.- El m\u00e9todo de elecci\u00f3n para presidente y secretario del Comit\u00e9 Ejecutivo Nacional, ser\u00e1 mediante encuesta abierta a la militancia y se efectuar\u00e1 entre el 24 y 26 de agosto, mediante visita domiciliaria<\/p>\n\n\n\n<p>Los congresos distritales en Veracruz, se llevar\u00e1n a cabo el 18 de Julio, por lo que, los militantes deber\u00e1n estar atentos de las convocatorias para saber hora y lugar, donde se llevar\u00e1n a cabo; las asambleas que no se logren concretar en esas fechas, tienen entre el 1 y 2 de agosto para efectuarse.<\/p>\n\n\n\n<p>Los d\u00edas 22, 23 de agosto ser\u00e1 el Congreso Nacional Ordinario, donde se nombrar\u00e1 oficialmente a los nuevos dirigentes nacionales y el 29, se instalar\u00e1 el Consejo Nacional Electo.<\/p>\n\n\n\n<p>Quien ocupe un cargo ejecutivo (coordinaciones distritales, comit\u00e9s ejecutivos municipales, estatales o nacional) s\u00f3lo podr\u00e1n postularse para otro encargo del mismo nivel, (estatal o nacional), sin reelegirse en el mismo encargo.<\/p>\n\n\n\n<p>Cabe recordar que, el pasado 20 de Marzo, el dirigente nacional provisional, Alfonso Ram\u00edrez Cuellar nombr\u00f3, en Xalapa, una \u201cComisi\u00f3n Estatal Interina\u201d, integrada por los siguientes funcionarios p\u00fablicos: Dip. Local Juan Javier G\u00f3mez Cazar\u00edn, Dip. Federal Jaime Humberto P\u00e9rez Bernab\u00e9, Dip. Federal Marco Antonio Medina P\u00e9rez, Dip. Local Jos\u00e9 Magdaleno Rosales Torres, (misma que fue impugnada).<\/p>\n\n\n\n<p>Al respecto, la nueva convocatoria especifica:<\/p>\n\n\n\n<p>\u201cQuien ocupe un cargo de elecci\u00f3n popular o sean ministros, magistrados, o jueces federales o locales o servidores p\u00fablicos de la administraci\u00f3n de los tres \u00f3rdenes de gobierno federal, estatal o municipal que tengan responsabilidad de mandos medios o superiores, adjuntos y hom\u00f3logos o su equivalente de acuerdo con la denominaci\u00f3n que se le d\u00e9 en la ley respectiva y por la cual dispongan de recursos humanos, materiales y\/o econ\u00f3micos, para ser parte de un \u00f3rgano de ejecuci\u00f3n partidista una vez que hayan sido electos, deber\u00e1n presentar su renuncia teniendo un plazo m\u00e1ximo de 48 horas posteriores a que hayan sido electos en el cargo correspondiente.\u201d<\/p>\n\n\n\n<p>Para participar en los Congresos Distritales, Estatales, de Mexicanos en el Exterior y Nacional, es requisito indispensable estar registrado en el Padr\u00f3n Nacional de Protagonistas del Cambio Verdadero. Las y los protagonistas podr\u00e1n verificar si se encuentran registrados en el padr\u00f3n nacional de protagonistas del cambio verdadero en la p\u00e1gina de internet http:\/\/www.morena.com del 30 de junio al 06 de Julio del 2020.<\/p>\n\n\n\n<ul class=\"wp-block-list\"><li>En caso de que su registro no aparezca, podr\u00e1 aclarar su situaci\u00f3n de manera personal, con credencial de elector vigente ante la Comisi\u00f3n Nacional de Elecciones y la Secretaria de Organizaci\u00f3n.<\/li><\/ul>\n\n\n\n<p>Esta convocatoria est\u00e1 sujeta a modificaciones, bajo las recomendaciones de la Secretar\u00eda de Salud, por la contingencia sanitaria causada por COVID-19.<\/p>\n\n\n\n<p>Todos los detalles los pueden consultar en los siguientes enlaces:<\/p>\n\n\n\n<p>http:\/\/www.morena.si\/ <br>\nhttp:\/\/www.morena.com\/<\/p>\n\n\n\n<p>*Foto tomada de Internet<\/p>\n","protected":false},"excerpt":{"rendered":"<p>Xalapa, Ver.- El m\u00e9todo de elecci\u00f3n para presidente y secretario del Comit\u00e9 Ejecutivo Nacional, ser\u00e1 mediante encuesta abierta a la militancia y se efectuar\u00e1 entre el 24 y 26 de agosto, mediante visita domiciliaria Los congresos distritales en Veracruz, se llevar\u00e1n a cabo el 18 de Julio, por lo que, los militantes deber\u00e1n estar atentos [&hellip;]<\/p>\n","protected":false},"author":1,"featured_media":3816,"comment_status":"open","ping_status":"open","sticky":false,"template":"","format":"standard","meta":{"_jetpack_memberships_contains_paid_content":false,"footnotes":""},"categories":[2],"tags":[],"class_list":["post-3815","post","type-post","status-publish","format-standard","has-post-thumbnail","hentry","category-estado"],"jetpack_featured_media_url":"https:\/\/encuentroinformativo.com.mx\/wp-content\/uploads\/2020\/07\/55C2291E-DE47-4B1B-8EC9-1B6D4DF89793.jpeg","jetpack_sharing_enabled":true,"jetpack_likes_enabled":true,"amp_enabled":true,"_links":{"self":[{"href":"https:\/\/encuentroinformativo.com.mx\/index.php?rest_route=\/wp\/v2\/posts\/3815","targetHints":{"allow":["GET"]}}],"collection":[{"href":"https:\/\/encuentroinformativo.com.mx\/index.php?rest_route=\/wp\/v2\/posts"}],"about":[{"href":"https:\/\/encuentroinformativo.com.mx\/index.php?rest_route=\/wp\/v2\/types\/post"}],"author":[{"embeddable":true,"href":"https:\/\/encuentroinformativo.com.mx\/index.php?rest_route=\/wp\/v2\/users\/1"}],"replies":[{"embeddable":true,"href":"https:\/\/encuentroinformativo.com.mx\/index.php?rest_route=%2Fwp%2Fv2%2Fcomments&post=3815"}],"version-history":[{"count":1,"href":"https:\/\/encuentroinformativo.com.mx\/index.php?rest_route=\/wp\/v2\/posts\/3815\/revisions"}],"predecessor-version":[{"id":3817,"href":"https:\/\/encuentroinformativo.com.mx\/index.php?rest_route=\/wp\/v2\/posts\/3815\/revisions\/3817"}],"wp:featuredmedia":[{"embeddable":true,"href":"https:\/\/encuentroinformativo.com.mx\/index.php?rest_route=\/wp\/v2\/media\/3816"}],"wp:attachment":[{"href":"https:\/\/encuentroinformativo.com.mx\/index.php?rest_route=%2Fwp%2Fv2%2Fmedia&parent=3815"}],"wp:term":[{"taxonomy":"category","embeddable":true,"href":"https:\/\/encuentroinformativo.com.mx\/index.php?rest_route=%2Fwp%2Fv2%2Fcategories&post=3815"},{"taxonomy":"post_tag","embeddable":true,"href":"https:\/\/encuentroinformativo.com.mx\/index.php?rest_route=%2Fwp%2Fv2%2Ftags&post=3815"}],"curies":[{"name":"wp","href":"https:\/\/api.w.org\/{rel}","templated":true}]}}