{"id":38158,"date":"2023-03-19T14:28:53","date_gmt":"2023-03-19T20:28:53","guid":{"rendered":"https:\/\/encuentroinformativo.com.mx\/?p=38158"},"modified":"2023-03-19T14:28:57","modified_gmt":"2023-03-19T20:28:57","slug":"oracion-para-frenar-violencia-intrafamiliar","status":"publish","type":"post","link":"https:\/\/encuentroinformativo.com.mx\/?p=38158","title":{"rendered":"Oraci\u00f3n para frenar violencia intrafamiliar&#8230;"},"content":{"rendered":"\n<p>Xalapa, Ver.- En este tercer domingo de mes la iglesia catolica vive la jornada de oraci\u00f3n por la paz, para a trav\u00e9s de oraciones y conciencia social haya un M\u00e9xico de paz y respeto todos unidos por la misma fe.<\/p>\n\n\n\n<p>El Arzobispo de la Arquidi\u00f3cesis de Xalapa, Jorge Carlos Patr\u00f3n Wong dedic\u00f3 la homil\u00eda de este domingo a las v\u00edctimas qu\u00e9 sufren violencia intrafamiliar, donde se cuentan historias dolorosas dentro de las familias, con actitudes y acciones de vicios como el alcoholismo, la drogadicci\u00f3n qu\u00e9 provocan actitudes violentas qu\u00e9 provocan mucho dolor.<\/p>\n\n\n\n<figure class=\"wp-block-image size-large\"><img loading=\"lazy\" decoding=\"async\" width=\"1024\" height=\"683\" src=\"https:\/\/encuentroinformativo.com.mx\/wp-content\/uploads\/2023\/03\/Photo_1679257147947-1024x683.jpg\" alt=\"\" class=\"wp-image-38160\" srcset=\"https:\/\/encuentroinformativo.com.mx\/wp-content\/uploads\/2023\/03\/Photo_1679257147947-1024x683.jpg 1024w, https:\/\/encuentroinformativo.com.mx\/wp-content\/uploads\/2023\/03\/Photo_1679257147947-300x200.jpg 300w, https:\/\/encuentroinformativo.com.mx\/wp-content\/uploads\/2023\/03\/Photo_1679257147947-768x512.jpg 768w, https:\/\/encuentroinformativo.com.mx\/wp-content\/uploads\/2023\/03\/Photo_1679257147947-1536x1024.jpg 1536w, https:\/\/encuentroinformativo.com.mx\/wp-content\/uploads\/2023\/03\/Photo_1679257147947.jpg 1968w\" sizes=\"auto, (max-width: 1024px) 100vw, 1024px\" \/><\/figure>\n","protected":false},"excerpt":{"rendered":"<p>Xalapa, Ver.- En este tercer domingo de mes la iglesia catolica vive la jornada de oraci\u00f3n por la paz, para a trav\u00e9s de oraciones y conciencia social haya un M\u00e9xico de paz y respeto todos unidos por la misma fe. El Arzobispo de la Arquidi\u00f3cesis de Xalapa, Jorge Carlos Patr\u00f3n Wong dedic\u00f3 la homil\u00eda de [&hellip;]<\/p>\n","protected":false},"author":2476,"featured_media":38159,"comment_status":"open","ping_status":"open","sticky":false,"template":"","format":"standard","meta":{"_jetpack_memberships_contains_paid_content":false,"footnotes":""},"categories":[3],"tags":[],"class_list":["post-38158","post","type-post","status-publish","format-standard","has-post-thumbnail","hentry","category-xalapa"],"jetpack_featured_media_url":"https:\/\/encuentroinformativo.com.mx\/wp-content\/uploads\/2023\/03\/Photo_1679257175864.jpg","jetpack_sharing_enabled":true,"jetpack_likes_enabled":true,"amp_enabled":true,"_links":{"self":[{"href":"https:\/\/encuentroinformativo.com.mx\/index.php?rest_route=\/wp\/v2\/posts\/38158","targetHints":{"allow":["GET"]}}],"collection":[{"href":"https:\/\/encuentroinformativo.com.mx\/index.php?rest_route=\/wp\/v2\/posts"}],"about":[{"href":"https:\/\/encuentroinformativo.com.mx\/index.php?rest_route=\/wp\/v2\/types\/post"}],"author":[{"embeddable":true,"href":"https:\/\/encuentroinformativo.com.mx\/index.php?rest_route=\/wp\/v2\/users\/2476"}],"replies":[{"embeddable":true,"href":"https:\/\/encuentroinformativo.com.mx\/index.php?rest_route=%2Fwp%2Fv2%2Fcomments&post=38158"}],"version-history":[{"count":1,"href":"https:\/\/encuentroinformativo.com.mx\/index.php?rest_route=\/wp\/v2\/posts\/38158\/revisions"}],"predecessor-version":[{"id":38161,"href":"https:\/\/encuentroinformativo.com.mx\/index.php?rest_route=\/wp\/v2\/posts\/38158\/revisions\/38161"}],"wp:featuredmedia":[{"embeddable":true,"href":"https:\/\/encuentroinformativo.com.mx\/index.php?rest_route=\/wp\/v2\/media\/38159"}],"wp:attachment":[{"href":"https:\/\/encuentroinformativo.com.mx\/index.php?rest_route=%2Fwp%2Fv2%2Fmedia&parent=38158"}],"wp:term":[{"taxonomy":"category","embeddable":true,"href":"https:\/\/encuentroinformativo.com.mx\/index.php?rest_route=%2Fwp%2Fv2%2Fcategories&post=38158"},{"taxonomy":"post_tag","embeddable":true,"href":"https:\/\/encuentroinformativo.com.mx\/index.php?rest_route=%2Fwp%2Fv2%2Ftags&post=38158"}],"curies":[{"name":"wp","href":"https:\/\/api.w.org\/{rel}","templated":true}]}}