{"id":38167,"date":"2023-03-19T16:30:26","date_gmt":"2023-03-19T22:30:26","guid":{"rendered":"https:\/\/encuentroinformativo.com.mx\/?p=38167"},"modified":"2023-03-19T16:30:30","modified_gmt":"2023-03-19T22:30:30","slug":"pobladores-piden-feria-en-coatepec","status":"publish","type":"post","link":"https:\/\/encuentroinformativo.com.mx\/?p=38167","title":{"rendered":"Pobladores piden Feria en Coatepec"},"content":{"rendered":"\n<p><strong>Juan Arcos <\/strong><\/p>\n\n\n\n<p>Coatepec, Ver.- La inexistencia de una feria del caf\u00e9 en el Pueblo M\u00e1gico de Coatepec comenz\u00f3 a generar comentarios negativos, pues los pobladores comenzaron a criticar en redes sociales los frecuentes festivales de \u201corgullo veracruzano\u201d en la ciudad y ninguno hac\u00eda el grano producido en la regi\u00f3n.<\/p>\n\n\n\n<p>En una campa\u00f1a en redes sociales, comenzaron a escribir que les genera tristeza no ver un programa o cartelera lista para su difusi\u00f3n.<\/p>\n\n\n\n<p>\u201cSolo nos toca recordar aquellos tiempos donde ten\u00edamos ferias buenas enfocadas en el caf\u00e9 y el producto regional. Coatepec necesita esa feria enfocada en lo que somos y en lo que damos (caf\u00e9,miel, orqu\u00eddea y productos artesanales)\u201d, se lee en la campa\u00f1a promovida por varios pobladores en <em>Facebook<\/em>.<\/p>\n\n\n\n<p>Algunos comentarios se\u00f1alan que es una triste decisi\u00f3n por parte de las autoridades, pues ya no muestran inter\u00e9s en rescatar las costumbres, se concentran solo en las fiestas patrias y patronales como San Jer\u00f3nimo, a finales de septiembre.<\/p>\n\n\n\n<p>\u201cPuedan ser un poco m\u00e1s espl\u00e9ndidos ya que no van invertir en la feria, pues hagan eventos de calidad con grupos de reconocimiento y de prestigio as\u00ed mismo en las fiestas patronales una mayor promoci\u00f3n\u201d.<\/p>\n\n\n\n<p>La gente pide al alcalde de Coatepec, Raymundo Andrade Rivera, que regrese la feria del caf\u00e9, pues era considerada una tradici\u00f3n durante decenas de a\u00f1os.<\/p>\n\n\n\n<p>Adem\u00e1s, los pobladores no descartaron la posibilidad de que haya manifestaciones para exigir al ayuntamiento que regrese el evento al Pueblo M\u00e1gico<\/p>\n","protected":false},"excerpt":{"rendered":"<p>Juan Arcos Coatepec, Ver.- La inexistencia de una feria del caf\u00e9 en el Pueblo M\u00e1gico de Coatepec comenz\u00f3 a generar comentarios negativos, pues los pobladores comenzaron a criticar en redes sociales los frecuentes festivales de \u201corgullo veracruzano\u201d en la ciudad y ninguno hac\u00eda el grano producido en la regi\u00f3n. En una campa\u00f1a en redes sociales, [&hellip;]<\/p>\n","protected":false},"author":2476,"featured_media":38168,"comment_status":"open","ping_status":"open","sticky":false,"template":"","format":"standard","meta":{"_jetpack_memberships_contains_paid_content":false,"footnotes":""},"categories":[8],"tags":[],"class_list":["post-38167","post","type-post","status-publish","format-standard","has-post-thumbnail","hentry","category-region"],"jetpack_featured_media_url":"https:\/\/encuentroinformativo.com.mx\/wp-content\/uploads\/2023\/03\/IMG_7197.jpg","jetpack_sharing_enabled":true,"jetpack_likes_enabled":true,"amp_enabled":true,"_links":{"self":[{"href":"https:\/\/encuentroinformativo.com.mx\/index.php?rest_route=\/wp\/v2\/posts\/38167","targetHints":{"allow":["GET"]}}],"collection":[{"href":"https:\/\/encuentroinformativo.com.mx\/index.php?rest_route=\/wp\/v2\/posts"}],"about":[{"href":"https:\/\/encuentroinformativo.com.mx\/index.php?rest_route=\/wp\/v2\/types\/post"}],"author":[{"embeddable":true,"href":"https:\/\/encuentroinformativo.com.mx\/index.php?rest_route=\/wp\/v2\/users\/2476"}],"replies":[{"embeddable":true,"href":"https:\/\/encuentroinformativo.com.mx\/index.php?rest_route=%2Fwp%2Fv2%2Fcomments&post=38167"}],"version-history":[{"count":1,"href":"https:\/\/encuentroinformativo.com.mx\/index.php?rest_route=\/wp\/v2\/posts\/38167\/revisions"}],"predecessor-version":[{"id":38169,"href":"https:\/\/encuentroinformativo.com.mx\/index.php?rest_route=\/wp\/v2\/posts\/38167\/revisions\/38169"}],"wp:featuredmedia":[{"embeddable":true,"href":"https:\/\/encuentroinformativo.com.mx\/index.php?rest_route=\/wp\/v2\/media\/38168"}],"wp:attachment":[{"href":"https:\/\/encuentroinformativo.com.mx\/index.php?rest_route=%2Fwp%2Fv2%2Fmedia&parent=38167"}],"wp:term":[{"taxonomy":"category","embeddable":true,"href":"https:\/\/encuentroinformativo.com.mx\/index.php?rest_route=%2Fwp%2Fv2%2Fcategories&post=38167"},{"taxonomy":"post_tag","embeddable":true,"href":"https:\/\/encuentroinformativo.com.mx\/index.php?rest_route=%2Fwp%2Fv2%2Ftags&post=38167"}],"curies":[{"name":"wp","href":"https:\/\/api.w.org\/{rel}","templated":true}]}}