{"id":38170,"date":"2023-03-19T16:34:07","date_gmt":"2023-03-19T22:34:07","guid":{"rendered":"https:\/\/encuentroinformativo.com.mx\/?p=38170"},"modified":"2023-03-19T16:34:10","modified_gmt":"2023-03-19T22:34:10","slug":"mujeres-mayoria-de-artesanos-en-veracruz","status":"publish","type":"post","link":"https:\/\/encuentroinformativo.com.mx\/?p=38170","title":{"rendered":"Mujeres, mayor\u00eda de artesanos en Veracruz"},"content":{"rendered":"\n<p><strong>Juan Arcos <\/strong><\/p>\n\n\n\n<p>Xalapa, Ver.- El 66.1 por ciento del personal ocupado en el comercio al pormenor de artesan\u00edas en el estado de Veracruz son mujeres.<\/p>\n\n\n\n<p>De acuerdo con el Instituto Nacional de Estad\u00edstica, Geograf\u00eda e Informaci\u00f3n (INEGI), en 1995, la C\u00e1mara de Diputados instaur\u00f3 el 19 de marzo como el D\u00eda del Artesano, con el objetivo es dar visibilidad a este oficio como un baluarte de la tradici\u00f3n y cultura de M\u00e9xico.<\/p>\n\n\n\n<p>El Fondo Nacional para el Fomento de las Artesan\u00edas (FONART) destaca este d\u00eda con la finalidad de reconocer a las y los artesanos como artistas y representantes de la cultura, pues con su actividad, preservan conocimientos, tradiciones y costumbres y los integran a la vida diaria como objetos utilitarios y est\u00e9ticos.<\/p>\n\n\n\n<p>De acuerdo con la Cuenta Sat\u00e9lite de la Cultura de M\u00e9xico (CSCM), en 2021, el sector cultural gener\u00f3 736 mil 725 millones de pesos corrientes.<br>De esta cifra, las artesan\u00edas aportaron 153 mil 437 millones de pesos, que representaron 20.8 por ciento del sector cultural.<\/p>\n\n\n\n<p>En 2021, las artesan\u00edas generaron 479 mil 655 puestos de trabajo ocupados remunerados. Con informaci\u00f3n de los Censos Econ\u00f3micos 2019, en M\u00e9xico exist\u00edan 21 mil 115 establecimientos dedicados al comercio al por menor de artesan\u00edas en 2018. Jalisco concentr\u00f3 10.2 por ciento de dichos establecimientos.<\/p>\n\n\n\n<p>La producci\u00f3n de artesan\u00edas se clasifica en ocho grandes \u00e1reas: alfarer\u00eda y cer\u00e1mica; fibras vegetales y textiles; madera, maque y laca, instrumentos musicales y jugueter\u00eda; cart\u00f3n y papel, pl\u00e1stica popular, cerer\u00eda y pirotecnia; metalister\u00eda, joyer\u00eda y orfebrer\u00eda; lapidaria, canter\u00eda y vidrio; talabarter\u00eda y marroquiner\u00eda, as\u00ed como alimentos y dulces t\u00edpicos.<\/p>\n\n\n\n<p>Las dos \u00e1reas que concentran la mayor contribuci\u00f3n al Producto Interno Bruto (PIB) de las artesan\u00edas son: el comercio de artesan\u00edas y las fibras vegetales y textiles, con 35.5 y 17.9 por ciento, respectivamente.<\/p>\n","protected":false},"excerpt":{"rendered":"<p>Juan Arcos Xalapa, Ver.- El 66.1 por ciento del personal ocupado en el comercio al pormenor de artesan\u00edas en el estado de Veracruz son mujeres. De acuerdo con el Instituto Nacional de Estad\u00edstica, Geograf\u00eda e Informaci\u00f3n (INEGI), en 1995, la C\u00e1mara de Diputados instaur\u00f3 el 19 de marzo como el D\u00eda del Artesano, con el [&hellip;]<\/p>\n","protected":false},"author":2476,"featured_media":17316,"comment_status":"open","ping_status":"open","sticky":false,"template":"","format":"standard","meta":{"_jetpack_memberships_contains_paid_content":false,"footnotes":""},"categories":[2],"tags":[],"class_list":["post-38170","post","type-post","status-publish","format-standard","has-post-thumbnail","hentry","category-estado"],"jetpack_featured_media_url":"https:\/\/encuentroinformativo.com.mx\/wp-content\/uploads\/2021\/08\/34903887-319D-4E83-B687-229696C7C34B.jpeg","jetpack_sharing_enabled":true,"jetpack_likes_enabled":true,"amp_enabled":true,"_links":{"self":[{"href":"https:\/\/encuentroinformativo.com.mx\/index.php?rest_route=\/wp\/v2\/posts\/38170","targetHints":{"allow":["GET"]}}],"collection":[{"href":"https:\/\/encuentroinformativo.com.mx\/index.php?rest_route=\/wp\/v2\/posts"}],"about":[{"href":"https:\/\/encuentroinformativo.com.mx\/index.php?rest_route=\/wp\/v2\/types\/post"}],"author":[{"embeddable":true,"href":"https:\/\/encuentroinformativo.com.mx\/index.php?rest_route=\/wp\/v2\/users\/2476"}],"replies":[{"embeddable":true,"href":"https:\/\/encuentroinformativo.com.mx\/index.php?rest_route=%2Fwp%2Fv2%2Fcomments&post=38170"}],"version-history":[{"count":1,"href":"https:\/\/encuentroinformativo.com.mx\/index.php?rest_route=\/wp\/v2\/posts\/38170\/revisions"}],"predecessor-version":[{"id":38171,"href":"https:\/\/encuentroinformativo.com.mx\/index.php?rest_route=\/wp\/v2\/posts\/38170\/revisions\/38171"}],"wp:featuredmedia":[{"embeddable":true,"href":"https:\/\/encuentroinformativo.com.mx\/index.php?rest_route=\/wp\/v2\/media\/17316"}],"wp:attachment":[{"href":"https:\/\/encuentroinformativo.com.mx\/index.php?rest_route=%2Fwp%2Fv2%2Fmedia&parent=38170"}],"wp:term":[{"taxonomy":"category","embeddable":true,"href":"https:\/\/encuentroinformativo.com.mx\/index.php?rest_route=%2Fwp%2Fv2%2Fcategories&post=38170"},{"taxonomy":"post_tag","embeddable":true,"href":"https:\/\/encuentroinformativo.com.mx\/index.php?rest_route=%2Fwp%2Fv2%2Ftags&post=38170"}],"curies":[{"name":"wp","href":"https:\/\/api.w.org\/{rel}","templated":true}]}}