{"id":38178,"date":"2023-03-20T12:32:13","date_gmt":"2023-03-20T18:32:13","guid":{"rendered":"https:\/\/encuentroinformativo.com.mx\/?p=38178"},"modified":"2023-03-20T12:32:18","modified_gmt":"2023-03-20T18:32:18","slug":"realizaran-festival-de-arte-y-musica-sacro","status":"publish","type":"post","link":"https:\/\/encuentroinformativo.com.mx\/?p=38178","title":{"rendered":"Realizar\u00e1n festival de Arte y M\u00fasica Sacro"},"content":{"rendered":"\n<p><strong>Dar\u00edo Pale <\/strong><\/p>\n\n\n\n<p>Xalapa, Ver.- Luz del Carmen Blanco Cornejo directora de Xalapa Sacro dio a conocer la realizaci\u00f3n del Festival Internacional de Arte y M\u00fasica Sacro 2023 el cual se realizar\u00e1 del lunes 27 de marzo al s\u00e1bado 1 de abril en diferentes puntos.<\/p>\n\n\n\n<p>En conferencia de prensa se\u00f1alaron que tendr\u00e1n como sedes la ciudad de Xalapa, los poblados aleda\u00f1os de Tex\u00edn, Teocelo, El Lencero, y El Chico, adem\u00e1s el Festival tiene como prop\u00f3sito acercar a la sociedad a las diversas manifestaciones art\u00edsticas y est\u00e9ticas de lo sacro, as\u00ed como promover las expresiones que acercan a lo divino y que conforman nuestro patrimonio cultural e hist\u00f3rico.<\/p>\n\n\n\n<p>&#8220;El programa de este a\u00f1o contempla 14 actividades, entre ellas 5 conferencias en l\u00ednea, 7 conciertos presenciales, una presentaci\u00f3n de libro y una exposici\u00f3n, en el rubro de m\u00fasica participar\u00e1n presencialmente dentro del Festival la Orquesta Sinf\u00f3nica de Xalapa acompa\u00f1ada del coro de la Universidad Veracruzana e invitados especiales&#8221;, se\u00f1al\u00f3.<\/p>\n\n\n\n<p>Participar\u00e1 tambi\u00e9n en el Festival el Quinteto de cuerdas Scherzando, el Dr. Gustavo Castro Ortigoza, la soprano Elsa Mart\u00ednez M\u00e9ndez, el quinteto de cuerdas Jeben Brass, los monjes del Monasterio Benedictino de Santa Mar\u00eda y todos los santos, as\u00ed como la orquesta Filarm\u00f3nica de Xalapa.<\/p>\n\n\n\n<p>Las conferencias ser\u00e1n de manera virtual en las p\u00e1ginas de Xalapa Sacro impartidas por el Mtro. Arturo G\u00f3mez Mart\u00ednez, subdirector de Etnograf\u00eda del Museo Nacional de Antropolog\u00eda, el Dr. Juan Antonio Siller Camacho, acad\u00e9mico e investigador de la UNAM y del INAH, La Mtra. Tania Melgarejo Flores del taller de encuadernaci\u00f3n Artequio de ciudad de M\u00e9xico, el Dr. Alfonso Colorado Hern\u00e1ndez director general de difusi\u00f3n cultural de la Universidad Veracruzana, as\u00ed como el youtuber. Pierre St. John M\u00e9xico.<\/p>\n\n\n\n<p>Ademas las presentaci\u00f3n presencial del libro Nuevo Nican Mopohua estar\u00e1 a cargo del Mtro. Ram\u00f3n Abajo del Taller The Vellum Page (la hoja del pergamino) de New York City. Finalmente, la muestra de arte estar\u00e1 a cargo de la mtra. Icon\u00f3grafa Luz del Carmen Blanco Cornejo.<br>Para esta edici\u00f3n del Festival nos honran con su participaci\u00f3n la sala Tlaqn\u00e1, Dom\u00ednguez y Buis Galer\u00eda, la Parroquia del Calvario del Centro de Xalapa, la Capilla del museo Hacienda del Lencero, el Parque Ju\u00e1rez de Xalapa, la capilla del Monasterio Benedictino de Santa Mar\u00eda y todos los Santos de Tex\u00edn Teocelo, as\u00ed como el Santuario de Santa Mar\u00eda del Chico.<\/p>\n\n\n\n<p>Las actividades son gratuitas, las entradas de cortes\u00eda para la Orquesta sinf\u00f3nica de Xalapa se rifar\u00e1n durante las diversas actividades del Festival y el programa, los videos, carteles e informaci\u00f3n detallada se puede consultar en\u00a0<a rel=\"noreferrer noopener\" href=\"http:\/\/www.xalapasacro.org\/\" target=\"_blank\">www.xalapasacro.org<\/a>\u00a0as\u00ed como en las diversas redes sociales de Xalapa Sacro.<\/p>\n","protected":false},"excerpt":{"rendered":"<p>Dar\u00edo Pale Xalapa, Ver.- Luz del Carmen Blanco Cornejo directora de Xalapa Sacro dio a conocer la realizaci\u00f3n del Festival Internacional de Arte y M\u00fasica Sacro 2023 el cual se realizar\u00e1 del lunes 27 de marzo al s\u00e1bado 1 de abril en diferentes puntos. En conferencia de prensa se\u00f1alaron que tendr\u00e1n como sedes la ciudad [&hellip;]<\/p>\n","protected":false},"author":2476,"featured_media":38179,"comment_status":"open","ping_status":"open","sticky":false,"template":"","format":"standard","meta":{"_jetpack_memberships_contains_paid_content":false,"footnotes":""},"categories":[3],"tags":[],"class_list":["post-38178","post","type-post","status-publish","format-standard","has-post-thumbnail","hentry","category-xalapa"],"jetpack_featured_media_url":"https:\/\/encuentroinformativo.com.mx\/wp-content\/uploads\/2023\/03\/IMG-20230320-WA0025.jpg","jetpack_sharing_enabled":true,"jetpack_likes_enabled":true,"amp_enabled":true,"_links":{"self":[{"href":"https:\/\/encuentroinformativo.com.mx\/index.php?rest_route=\/wp\/v2\/posts\/38178","targetHints":{"allow":["GET"]}}],"collection":[{"href":"https:\/\/encuentroinformativo.com.mx\/index.php?rest_route=\/wp\/v2\/posts"}],"about":[{"href":"https:\/\/encuentroinformativo.com.mx\/index.php?rest_route=\/wp\/v2\/types\/post"}],"author":[{"embeddable":true,"href":"https:\/\/encuentroinformativo.com.mx\/index.php?rest_route=\/wp\/v2\/users\/2476"}],"replies":[{"embeddable":true,"href":"https:\/\/encuentroinformativo.com.mx\/index.php?rest_route=%2Fwp%2Fv2%2Fcomments&post=38178"}],"version-history":[{"count":1,"href":"https:\/\/encuentroinformativo.com.mx\/index.php?rest_route=\/wp\/v2\/posts\/38178\/revisions"}],"predecessor-version":[{"id":38180,"href":"https:\/\/encuentroinformativo.com.mx\/index.php?rest_route=\/wp\/v2\/posts\/38178\/revisions\/38180"}],"wp:featuredmedia":[{"embeddable":true,"href":"https:\/\/encuentroinformativo.com.mx\/index.php?rest_route=\/wp\/v2\/media\/38179"}],"wp:attachment":[{"href":"https:\/\/encuentroinformativo.com.mx\/index.php?rest_route=%2Fwp%2Fv2%2Fmedia&parent=38178"}],"wp:term":[{"taxonomy":"category","embeddable":true,"href":"https:\/\/encuentroinformativo.com.mx\/index.php?rest_route=%2Fwp%2Fv2%2Fcategories&post=38178"},{"taxonomy":"post_tag","embeddable":true,"href":"https:\/\/encuentroinformativo.com.mx\/index.php?rest_route=%2Fwp%2Fv2%2Ftags&post=38178"}],"curies":[{"name":"wp","href":"https:\/\/api.w.org\/{rel}","templated":true}]}}