{"id":38184,"date":"2023-03-20T12:40:59","date_gmt":"2023-03-20T18:40:59","guid":{"rendered":"https:\/\/encuentroinformativo.com.mx\/?p=38184"},"modified":"2023-03-20T12:41:03","modified_gmt":"2023-03-20T18:41:03","slug":"regiduria-portena-organiza-talleres-y-platicas-para-emprendedores","status":"publish","type":"post","link":"https:\/\/encuentroinformativo.com.mx\/?p=38184","title":{"rendered":"Regidur\u00eda porte\u00f1a organiza talleres y pl\u00e1ticas para emprendedores"},"content":{"rendered":"\n<p><strong>Alejandro \u00c1vila<\/strong><\/p>\n\n\n\n<p>Veracruz, Ver.- El pr\u00f3ximo viernes 24 de marzo la regidur\u00eda octava del municipio de Veracruz organiza el evento &#8220;Date Like y Emprende&#8221;, donde se brindar\u00e1n talleres y pl\u00e1ticas a j\u00f3venes emprendedores.<\/p>\n\n\n\n<p>Daniel Mart\u00edn Lois detall\u00f3 que en el evento se le brindar\u00e1n herramientas a los j\u00f3venes para que puedan iniciar un comercio.<\/p>\n\n\n\n<p>La convocatoria es para estudiantes de secundaria, bachillerato y universidad, aunque tambi\u00e9n habr\u00e1 espacio para el p\u00fablico en general.<\/p>\n\n\n\n<p>&#8220;Date Like y Emprende es un evento muy completo porque en el tendremos exposiciones, contaremos con 35 stands de j\u00f3venes emprendedores, el menor de ellos con 9 a\u00f1os (de experiencia), y los proyectos de estudiantes de rob\u00f3tica del Conalep, habr\u00e1 conferencias, donde empresarios que pasaron de emprendedores a empresarios j\u00f3venes van a compartir sus experiencias, nos van a explicar lo complicado o lo f\u00e1cil que fue pasarse el empresariado&#8221;, declar\u00f3 en rueda de prensa.<\/p>\n\n\n\n<p>De la misma manera, habr\u00e1 presentaciones art\u00edsticas, informaci\u00f3n sobre licenciaturas y posgrados en diversas universidades de Veracruz, y espacios de ayuda sobre prevenci\u00f3n de delito y salud.<\/p>\n\n\n\n<p>El evento se llevar\u00e1 a cabo de 11 a 18 horas en el Centro Cultural &#8220;Las Atrasanas&#8221; el pr\u00f3ximo viernes 24 de marzo.<\/p>\n","protected":false},"excerpt":{"rendered":"<p>Alejandro \u00c1vila Veracruz, Ver.- El pr\u00f3ximo viernes 24 de marzo la regidur\u00eda octava del municipio de Veracruz organiza el evento &#8220;Date Like y Emprende&#8221;, donde se brindar\u00e1n talleres y pl\u00e1ticas a j\u00f3venes emprendedores. Daniel Mart\u00edn Lois detall\u00f3 que en el evento se le brindar\u00e1n herramientas a los j\u00f3venes para que puedan iniciar un comercio. La [&hellip;]<\/p>\n","protected":false},"author":2476,"featured_media":38185,"comment_status":"open","ping_status":"open","sticky":false,"template":"","format":"standard","meta":{"_jetpack_memberships_contains_paid_content":false,"footnotes":""},"categories":[2],"tags":[],"class_list":["post-38184","post","type-post","status-publish","format-standard","has-post-thumbnail","hentry","category-estado"],"jetpack_featured_media_url":"https:\/\/encuentroinformativo.com.mx\/wp-content\/uploads\/2023\/03\/IMG-20230320-WA0018.jpg","jetpack_sharing_enabled":true,"jetpack_likes_enabled":true,"amp_enabled":true,"_links":{"self":[{"href":"https:\/\/encuentroinformativo.com.mx\/index.php?rest_route=\/wp\/v2\/posts\/38184","targetHints":{"allow":["GET"]}}],"collection":[{"href":"https:\/\/encuentroinformativo.com.mx\/index.php?rest_route=\/wp\/v2\/posts"}],"about":[{"href":"https:\/\/encuentroinformativo.com.mx\/index.php?rest_route=\/wp\/v2\/types\/post"}],"author":[{"embeddable":true,"href":"https:\/\/encuentroinformativo.com.mx\/index.php?rest_route=\/wp\/v2\/users\/2476"}],"replies":[{"embeddable":true,"href":"https:\/\/encuentroinformativo.com.mx\/index.php?rest_route=%2Fwp%2Fv2%2Fcomments&post=38184"}],"version-history":[{"count":1,"href":"https:\/\/encuentroinformativo.com.mx\/index.php?rest_route=\/wp\/v2\/posts\/38184\/revisions"}],"predecessor-version":[{"id":38186,"href":"https:\/\/encuentroinformativo.com.mx\/index.php?rest_route=\/wp\/v2\/posts\/38184\/revisions\/38186"}],"wp:featuredmedia":[{"embeddable":true,"href":"https:\/\/encuentroinformativo.com.mx\/index.php?rest_route=\/wp\/v2\/media\/38185"}],"wp:attachment":[{"href":"https:\/\/encuentroinformativo.com.mx\/index.php?rest_route=%2Fwp%2Fv2%2Fmedia&parent=38184"}],"wp:term":[{"taxonomy":"category","embeddable":true,"href":"https:\/\/encuentroinformativo.com.mx\/index.php?rest_route=%2Fwp%2Fv2%2Fcategories&post=38184"},{"taxonomy":"post_tag","embeddable":true,"href":"https:\/\/encuentroinformativo.com.mx\/index.php?rest_route=%2Fwp%2Fv2%2Ftags&post=38184"}],"curies":[{"name":"wp","href":"https:\/\/api.w.org\/{rel}","templated":true}]}}