{"id":38202,"date":"2023-03-20T18:58:04","date_gmt":"2023-03-21T00:58:04","guid":{"rendered":"https:\/\/encuentroinformativo.com.mx\/?p=38202"},"modified":"2023-03-20T18:58:08","modified_gmt":"2023-03-21T00:58:08","slug":"detienen-a-acosador-de-maestra-de-la-uv","status":"publish","type":"post","link":"https:\/\/encuentroinformativo.com.mx\/?p=38202","title":{"rendered":"Detienen a acosador de maestra de la UV"},"content":{"rendered":"\n<p><strong>Alejandro \u00c1vila<\/strong><\/p>\n\n\n\n<p>Veracruz, Ver.- El licenciado en derecho,\u00a0 Manuel L.Y. fue detenido y presentado ante la Fiscal\u00eda Especializada en Investigaci\u00f3n de Delitos de Violencia contra la Mujer por el presunto acoso a la catedr\u00e1tica de la Universidad Veracruzana Gloria S.L.<\/p>\n\n\n\n<p>La v\u00edctima mencion\u00f3 que el acoso era incansable en redes sociales y de forma presencial, por lo cual decidi\u00f3 hacer la denuncia correspondiente.<\/p>\n\n\n\n<p>La denunciante y el presunto acusador se conocieron hace 9 a\u00f1os en la Facultad de Derecho donde la docente le dio clases en el sistema abierto; sin embargo&nbsp; en aquella ocasi\u00f3n las cosas fluyeron de manera correcta, incluso el joven aprob\u00f3 su materia de forma sobresaliente.<\/p>\n\n\n\n<p>Gloria Dulce se\u00f1al\u00f3 que, aunque siempre le pareci\u00f3 un hombre algo retra\u00eddo, si destacaba por su aprovechamiento, pero desde que le imparti\u00f3 esa experiencia educativa, jam\u00e1s lo volvi\u00f3 a ver ni a saber de \u00e9l.<\/p>\n\n\n\n<p>&#8220;Me empieza a mandar una serie de mensajes por Messenger, porque lo tengo yo agregado al Facebook como a todos los alumnos de la universidad, y al principio incluso pens\u00e9 que era que alguien le hab\u00eda hackeado su correo por los mensajes tan oscuros, tan mezquinos, tan raros, tan amenazantes.<\/p>\n\n\n\n<p>&#8220;Me enviaba fotos de mujeres calcinadas, ni\u00f1os calcinados, dici\u00e9ndome que as\u00ed me ve\u00eda yo antes de morir, que ten\u00edan las fotos de toda mi familia y de la gente que trabajaba conmigo, yo realmente pens\u00e9 que alguien le hab\u00eda hackeado.<\/p>\n\n\n\n<p>&#8220;Me doy cuenta que no cuando un d\u00eda se presenta mi oficina busc\u00e1ndome y le pregunta a una abogada que si me conoc\u00eda, la abogada le dice que no y le dijo que le iba a golpear porque ya la hab\u00eda visto ah\u00ed en fotos conmigo, bajaron los abogados le dijeron que qu\u00e9 quer\u00eda pero \u00e9l dec\u00eda que solamente pod\u00eda hablar conmigo quer\u00eda hablar conmigo&#8221;, manifest\u00f3 la entrevistada.<\/p>\n\n\n\n<p>Por estos hechos, la catedr\u00e1tica interpuso una denuncia penal ante la Fiscal\u00eda Octava Especializada que qued\u00f3 radicada dentro de la carpeta de investigaci\u00f3n marcada con el n\u00famero 670\/2023 como antecedente.<\/p>\n\n\n\n<p>El fin de semana el sujeto lleg\u00f3 hasta su domicilio en la avenida Urano donde acech\u00f3 a su familia mientras conviv\u00eda, por lo que en la oportunidad que tuvo, se acerc\u00f3 y trat\u00f3 de llevarse consigo a una ni\u00f1a de dos a\u00f1os de edad de identidad reservada quien es nieta de la denunciante.<\/p>\n\n\n\n<p>Debido a que ya exist\u00eda el antecedente de una denuncia previa, le concedieron medidas de protecci\u00f3n, as\u00ed que al presentarse la Polic\u00eda Municipal de Boca del R\u00edo y al saber de la existencia de esa denuncia previa, se lo llevaron detenido.<\/p>\n\n\n\n<p>La agraviada con apoyo de su abogado Pedro Alain Hern\u00e1ndez Rojas acudi\u00f3 a interponer una nueva denuncia contra este sujeto como presunto responsable por los delitos de amenazas, hostigamiento sexual y otros que se le puedan acumular.<\/p>\n\n\n\n<p>&#8220;Hoy vamos a trabajar duro no solamente para que ella se encuentre m\u00e1s segura sino para que todas las mujeres de Veracruz y que se encuentren m\u00e1s seguras y llegar hasta las \u00faltimas consecuencias en este asunto, para que as\u00ed se animen a generarle la denuncia correspondiente y as\u00ed sea de \u00e9ste un lugar m\u00e1s seguro.<\/p>\n\n\n\n<p>&#8220;Queremos aprovechar para agradecer a todas las autoridades que hasta ahora han respondido de manera positiva y esperamos que que as\u00ed sigan, porque es muy necesario encontrar la seguridad en Veracruz para ellas&#8221; finaliz\u00f3 el litigante.<\/p>\n","protected":false},"excerpt":{"rendered":"<p>Alejandro \u00c1vila Veracruz, Ver.- El licenciado en derecho,\u00a0 Manuel L.Y. fue detenido y presentado ante la Fiscal\u00eda Especializada en Investigaci\u00f3n de Delitos de Violencia contra la Mujer por el presunto acoso a la catedr\u00e1tica de la Universidad Veracruzana Gloria S.L. La v\u00edctima mencion\u00f3 que el acoso era incansable en redes sociales y de forma presencial, [&hellip;]<\/p>\n","protected":false},"author":2476,"featured_media":38203,"comment_status":"open","ping_status":"open","sticky":false,"template":"","format":"standard","meta":{"_jetpack_memberships_contains_paid_content":false,"footnotes":""},"categories":[14],"tags":[],"class_list":["post-38202","post","type-post","status-publish","format-standard","has-post-thumbnail","hentry","category-policiaca"],"jetpack_featured_media_url":"https:\/\/encuentroinformativo.com.mx\/wp-content\/uploads\/2023\/03\/IMG-20230320-WA0060.jpg","jetpack_sharing_enabled":true,"jetpack_likes_enabled":true,"amp_enabled":true,"_links":{"self":[{"href":"https:\/\/encuentroinformativo.com.mx\/index.php?rest_route=\/wp\/v2\/posts\/38202","targetHints":{"allow":["GET"]}}],"collection":[{"href":"https:\/\/encuentroinformativo.com.mx\/index.php?rest_route=\/wp\/v2\/posts"}],"about":[{"href":"https:\/\/encuentroinformativo.com.mx\/index.php?rest_route=\/wp\/v2\/types\/post"}],"author":[{"embeddable":true,"href":"https:\/\/encuentroinformativo.com.mx\/index.php?rest_route=\/wp\/v2\/users\/2476"}],"replies":[{"embeddable":true,"href":"https:\/\/encuentroinformativo.com.mx\/index.php?rest_route=%2Fwp%2Fv2%2Fcomments&post=38202"}],"version-history":[{"count":1,"href":"https:\/\/encuentroinformativo.com.mx\/index.php?rest_route=\/wp\/v2\/posts\/38202\/revisions"}],"predecessor-version":[{"id":38204,"href":"https:\/\/encuentroinformativo.com.mx\/index.php?rest_route=\/wp\/v2\/posts\/38202\/revisions\/38204"}],"wp:featuredmedia":[{"embeddable":true,"href":"https:\/\/encuentroinformativo.com.mx\/index.php?rest_route=\/wp\/v2\/media\/38203"}],"wp:attachment":[{"href":"https:\/\/encuentroinformativo.com.mx\/index.php?rest_route=%2Fwp%2Fv2%2Fmedia&parent=38202"}],"wp:term":[{"taxonomy":"category","embeddable":true,"href":"https:\/\/encuentroinformativo.com.mx\/index.php?rest_route=%2Fwp%2Fv2%2Fcategories&post=38202"},{"taxonomy":"post_tag","embeddable":true,"href":"https:\/\/encuentroinformativo.com.mx\/index.php?rest_route=%2Fwp%2Fv2%2Ftags&post=38202"}],"curies":[{"name":"wp","href":"https:\/\/api.w.org\/{rel}","templated":true}]}}