{"id":38206,"date":"2023-03-21T09:15:06","date_gmt":"2023-03-21T15:15:06","guid":{"rendered":"https:\/\/encuentroinformativo.com.mx\/?p=38206"},"modified":"2023-03-21T09:15:10","modified_gmt":"2023-03-21T15:15:10","slug":"el-relanzamiento-de-cumbre-tajin","status":"publish","type":"post","link":"https:\/\/encuentroinformativo.com.mx\/?p=38206","title":{"rendered":"EL RELANZAMIENTO DE CUMBRE TAJ\u00cdN"},"content":{"rendered":"\n<p><strong>ColumnaSinNombre<br>@pablojair<\/strong><\/p>\n\n\n\n<ul class=\"wp-block-list\"><li>Asesinan malosos a sus narcomenudistas: Cuitl\u00e1huac.<\/li><li>G\u00f3mez Cazar\u00edn y su \u00e9xodo rumbo a la CDMX.<\/li><li>Zenyazen y maestros tambi\u00e9n estuvieron en el Z\u00f3calo.<\/li><\/ul>\n\n\n\n<p>A Randy Arozarena deber\u00edan darle la ciudadan\u00eda afroveracruzana<br>\u2014Chopenjawer<\/p>\n\n\n\n<p>La pandemia fue un factor que paraliz\u00f3 a la Cumbre Taj\u00edn en tiempos de la 4T.<\/p>\n\n\n\n<p>Justo en el segundo a\u00f1o, el festival tuvo que ser suspendido porque comenzaba a propagarse una enfermedad de la que no sab\u00edamos nada, pero que era mortal y muy contagiosa. Al segundo d\u00eda, la entonces secretaria de Turismo, Xochitl Arbes\u00fa, tuvo que anunciar la suspensi\u00f3n por motivos del Covid.<\/p>\n\n\n\n<p>Pasaron entonces dos a\u00f1os sin Cumbre Taj\u00edn; de hecho, fue hasta hace poco que reabrieron la zona arqueol\u00f3gica, que estaba cerrada precisamente por la pandemia\u2026 que todav\u00eda no se declara como terminada.<\/p>\n\n\n\n<p>Por eso digo que el 2023 es el relanzamiento; un nuevo festival justo despu\u00e9s de la parte m\u00e1s \u00e1lgida de la pandemia, con nuevos h\u00e1bitos de limpieza, vacunada la gran parte de la poblaci\u00f3n, otra audiencia.<\/p>\n\n\n\n<p>El cartel art\u00edstico, por ejemplo, va m\u00e1s enfocado en esta edici\u00f3n a un p\u00fablico mucho m\u00e1s joven, ya nacidos en este nuevo milenio, con esa m\u00fasica horrenda que denominan \u201cg\u00e9nero urbano\u201d (s\u00ed, soy chavorruco rockero nost\u00e1lgico \u00bfy qu\u00e9?).<\/p>\n\n\n\n<p>Era necesario que volvieran estas actividades porque urge mucho reactivar econ\u00f3micamente la zona norte luego de sufrir \u2014como todos\u2014 por la pandemia. En este sentido, el relanzamiento de Cumbre Taj\u00edn tiene un motivo muy parecido al origen por el que fue creado: necesitaban reactivar la zona norte que en ese fat\u00eddico septiembre de 1999 fue devastada por lluvias y huracanes. Por eso se cre\u00f3 la Cumbre Taj\u00edn 2000.<\/p>\n\n\n\n<p>Ya son 23 a\u00f1os desde aquel primer festival que pretend\u00eda celebrar al primer equinoccio del nuevo milenio, aunque luego se explicar\u00eda que el 2000 no era inicio, sino el final matem\u00e1tico; pero no import\u00f3 para quienes esper\u00e1bamos ese a\u00f1o como el inicio de nuevos tiempos.<\/p>\n\n\n\n<p>\u201cCultura que trasciende\u201d es el emblema de este a\u00f1o y ser\u00e1 del 21 al 26 de marzo. El Gobierno del Estado busca que se convierta en el festival de culturas originarias m\u00e1s importante de Am\u00e9rica Latina y se proyecta una afluencia de m\u00e1s de 150 mil visitantes.<\/p>\n\n\n\n<p>Algunos n\u00fameros a destacar: por parte de la Secretar\u00eda de Turismo que encabeza el titular Iv\u00e1n Mart\u00ednez Olvera, trabajan m\u00e1s de 250 personas. De hecho, casi todo el personal est\u00e1 contribuyendo.<\/p>\n\n\n\n<p>Suman m\u00e1s de mil 200 personas como fuerza operativa, provenientes de todas las dependencias de gobierno. Hay tambi\u00e9n 150 voluntarios.<\/p>\n\n\n\n<p>Se sabe que el inter\u00e9s para este a\u00f1o es que Cumbre Taj\u00edn sea m\u00e1s que una serie de conciertos importantes; no obstante, habr\u00e1 artistas presentes de fama mundial como Residente (ex vocalista de Calle 13), Juan Mag\u00e1n, Inna, Molotov, La Gusana Ciega y Steve Aoki.<\/p>\n\n\n\n<p>Dentro de ese enfoque de destacar m\u00e1s otros eventos alternativos que los conciertos, se contar\u00e1 con m\u00e1s de mil 200 actividades culturales y art\u00edsticas para toda la familia, como talleres de danza afrodescendiente, danz\u00f3n, creaci\u00f3n de papalotes, m\u00fasica, alfarer\u00eda, cocina tradicional totonaca, pintura y actividades espirituales. Se contar\u00e1 con la participaci\u00f3n de todos los municipios de la regi\u00f3n Totonaca y la invitaci\u00f3n de \u00darsulo Galv\u00e1n y Castillo de Teayo, para tener la representaci\u00f3n hist\u00f3rica de las tres zonas sagradas de la cultura totonaca.<\/p>\n\n\n\n<p>Sin duda, uno de los espacios m\u00e1s esperados es el Nicho de Aromas y Sabores, donde habr\u00e1 toda la representaci\u00f3n de la gastronom\u00eda regional como el mole papanteco, bocoles, tamales de cerdo y orejitas de pipi\u00e1n.<\/p>\n\n\n\n<p>Algo novedoso para incentivar la convivencia entre los asistentes y las actividades culturales, es que se cre\u00f3 un sistema de recompensas: por cada actividad realizada se recibir\u00e1 una cinta; al juntar una cierta cantidad, se podr\u00e1 canjear por un premio.<\/p>\n\n\n\n<p>De igual manera \u2014y preocupados por el medio ambiente\u2014 no se permitir\u00e1 el pl\u00e1stico de un solo uso, ni el unicel. Se cre\u00f3 un bonito vaso reutilizable conmemorativo.<\/p>\n\n\n\n<p>Adem\u00e1s de que todo el Festival ser\u00e1 un \u00e1rea 100% libre de humo. Nada de fumadores.<\/p>\n\n\n\n<p>Para los m\u00e1s j\u00f3venes \u2014y esto es muy importante, porque la falla constante en las pasadas ediciones de Cumbre Taj\u00edn era la falta de internet\u2014 habr\u00e1 t\u00f3tems con WiFi para conectarse a redes sociales y postear fotos.<\/p>\n\n\n\n<p>Para los ni\u00f1os, un trenecito con recorrido y actividades interactivas por todo el parque.<\/p>\n\n\n\n<p>Una de las m\u00e1s importantes intenciones es reducir el consumo de alcohol y disminuir el riesgo de accidentes en carretera.<\/p>\n\n\n\n<p>Para los que quieran quedarse, se rehabilit\u00f3 la zona de camping y se fumig\u00f3 con rayos del Dios Trueno a los mosquitos en todo el Parque Takilhsukut.<\/p>\n\n\n\n<p>As\u00ed, este martes arranca uno de los festivales m\u00e1s importantes de Veracruz; se reinicia, se reinventa. Pasada la pandemia, es como volver a empezar todo.<\/p>\n\n\n\n<p>Parece mentira, pero ya son 23 a\u00f1os. Algunos de los cientos de j\u00f3venes que seguramente acudir\u00e1n a tomarse la selfie o a hacer sus \u201creels\u201d seguramente ni hab\u00edan nacido cuando todo empez\u00f3 en el 2000.<\/p>\n\n\n\n<p>Chingao, ojal\u00e1 trajeran para la otra siquiera a un grupo de esos chidos o un artista leyenda de esos de mis tiempos noventeros. Pa\u2019 todos debe haber en el cartel art\u00edstico.<\/p>\n\n\n\n<p><strong>NOTA PARA PEGAR EN EL REFRI: El<\/strong> gobernador Cuitl\u00e1huac Garc\u00eda Jim\u00e9nez dio a conocer este lunes, en conferencia de prensa, que la reciente ejecuci\u00f3n de una persona en el municipio de Acayucan, a plena luz del d\u00eda, tiene como l\u00ednea de investigaci\u00f3n el narcomenudeo\u2026 Abund\u00f3 que este tipo de violencia lo realizan grupos delincuenciales contra sus propios narcomenudistas para as\u00ed generar una percepci\u00f3n de aumento en la violencia\u2026 \u201cLos grupos delictivos andan muy molestos con las detenciones de algunos cabecillas important\u00edsimas; una de sus formas (de generar violencia) fue matar a un narcomenudista de ellos mismos\u201d.<\/p>\n\n\n\n<p><strong>OTRA NOTA: <\/strong>Sin duda, de lo m\u00e1s llamativo en la pasada marcha\/concentraci\u00f3n que se realiz\u00f3 en el Z\u00f3calo de la Ciudad de M\u00e9xico, fue la \u201cJaula de la Justicia\u201d, una \u201cc\u00e1rcel\u201d m\u00f3vil donde al interior se pod\u00edan ver figuras como la del ex presidente Felipe Calder\u00f3n, y el presidente saliente del Instituto Nacional Electoral (INE); personajes tan popularmente repudiados\u2026 Esta maqueta que fue la sensaci\u00f3n del s\u00e1bado, era parte de la marcha multitudinaria que encabez\u00f3 el diputado Juan Javier G\u00f3mez Cazar\u00edn, ya consolidado como uno de los l\u00edderes de Morena m\u00e1s importantes en Veracruz\u2026 Dicen por ah\u00ed que el de Hueyapan ya se encuentra en el \u00e1nimo del presidente L\u00f3pez Obrador, su liderazgo es inobjetable, sin poses, y es pieza fundamental para la continuidad de la Cuarta Transformaci\u00f3n en Veracruz para el 2024.<\/p>\n\n\n\n<p><strong>LA \u00daLTIMA PORQUE IR\u00c9 A SOLLOZAR A MI CAMA TODA LA NOCHE QUE M\u00c9XICO NO PAS\u00d3 A LA FINAL DE BEISBOL: <\/strong>\u201cNo permitiremos m\u00e1s saqueos al patrimonio de los mexicanos, hoy como nunca el gobierno de la Cuarta Transformaci\u00f3n que encabeza nuestro presidente, Andr\u00e9s Manuel L\u00f3pez Obrador, trabaja en el rescate de la industria energ\u00e9tica, adem\u00e1s, el sureste mexicano tambi\u00e9n hoy m\u00e1s que nunca es tomado en cuenta con importantes obras que reactivar\u00e1n su econom\u00eda (\u2026) Atr\u00e1s quedaron los gobiernos neoliberales, no permitiremos que regresen a gobernar, ya no m\u00e1s saqueos a M\u00e9xico y Veracruz; por el bien de nuestra naci\u00f3n, seguiremos trabajando en la transformaci\u00f3n, aqu\u00ed en Veracruz al lado de nuestro gobernador Cuitl\u00e1huac Garc\u00eda Jim\u00e9nez\u201d, expres\u00f3 el secretario de Educaci\u00f3n, Zenyazen Escobar, quien con un grupo nutrido de maestros estuvo presente en el Z\u00f3calo de la Ciudad de M\u00e9xico para la conmemoraci\u00f3n del 85 aniversario de la Expropiaci\u00f3n Petrolera.<\/p>\n","protected":false},"excerpt":{"rendered":"<p>ColumnaSinNombre@pablojair Asesinan malosos a sus narcomenudistas: Cuitl\u00e1huac. G\u00f3mez Cazar\u00edn y su \u00e9xodo rumbo a la CDMX. Zenyazen y maestros tambi\u00e9n estuvieron en el Z\u00f3calo. A Randy Arozarena deber\u00edan darle la ciudadan\u00eda afroveracruzana\u2014Chopenjawer La pandemia fue un factor que paraliz\u00f3 a la Cumbre Taj\u00edn en tiempos de la 4T. Justo en el segundo a\u00f1o, el festival [&hellip;]<\/p>\n","protected":false},"author":2476,"featured_media":488,"comment_status":"open","ping_status":"open","sticky":false,"template":"","format":"standard","meta":{"_jetpack_memberships_contains_paid_content":false,"footnotes":""},"categories":[11],"tags":[],"class_list":["post-38206","post","type-post","status-publish","format-standard","has-post-thumbnail","hentry","category-opinion"],"jetpack_featured_media_url":"https:\/\/encuentroinformativo.com.mx\/wp-content\/uploads\/2020\/03\/F471F608-BA1A-416B-BA7B-BCFB24F4E6D0.jpeg","jetpack_sharing_enabled":true,"jetpack_likes_enabled":true,"amp_enabled":true,"_links":{"self":[{"href":"https:\/\/encuentroinformativo.com.mx\/index.php?rest_route=\/wp\/v2\/posts\/38206","targetHints":{"allow":["GET"]}}],"collection":[{"href":"https:\/\/encuentroinformativo.com.mx\/index.php?rest_route=\/wp\/v2\/posts"}],"about":[{"href":"https:\/\/encuentroinformativo.com.mx\/index.php?rest_route=\/wp\/v2\/types\/post"}],"author":[{"embeddable":true,"href":"https:\/\/encuentroinformativo.com.mx\/index.php?rest_route=\/wp\/v2\/users\/2476"}],"replies":[{"embeddable":true,"href":"https:\/\/encuentroinformativo.com.mx\/index.php?rest_route=%2Fwp%2Fv2%2Fcomments&post=38206"}],"version-history":[{"count":1,"href":"https:\/\/encuentroinformativo.com.mx\/index.php?rest_route=\/wp\/v2\/posts\/38206\/revisions"}],"predecessor-version":[{"id":38207,"href":"https:\/\/encuentroinformativo.com.mx\/index.php?rest_route=\/wp\/v2\/posts\/38206\/revisions\/38207"}],"wp:featuredmedia":[{"embeddable":true,"href":"https:\/\/encuentroinformativo.com.mx\/index.php?rest_route=\/wp\/v2\/media\/488"}],"wp:attachment":[{"href":"https:\/\/encuentroinformativo.com.mx\/index.php?rest_route=%2Fwp%2Fv2%2Fmedia&parent=38206"}],"wp:term":[{"taxonomy":"category","embeddable":true,"href":"https:\/\/encuentroinformativo.com.mx\/index.php?rest_route=%2Fwp%2Fv2%2Fcategories&post=38206"},{"taxonomy":"post_tag","embeddable":true,"href":"https:\/\/encuentroinformativo.com.mx\/index.php?rest_route=%2Fwp%2Fv2%2Ftags&post=38206"}],"curies":[{"name":"wp","href":"https:\/\/api.w.org\/{rel}","templated":true}]}}