{"id":38211,"date":"2023-03-21T09:34:06","date_gmt":"2023-03-21T15:34:06","guid":{"rendered":"https:\/\/encuentroinformativo.com.mx\/?p=38211"},"modified":"2023-03-21T09:34:10","modified_gmt":"2023-03-21T15:34:10","slug":"morena-en-3-actos","status":"publish","type":"post","link":"https:\/\/encuentroinformativo.com.mx\/?p=38211","title":{"rendered":"MORENA en 3 actos"},"content":{"rendered":"\n<p><strong>Los Pol\u00edticos <\/strong><\/p>\n\n\n\n<p><strong>Salvador Mu\u00f1oz <\/strong><\/p>\n\n\n\n<p><strong>Primer Acto<\/strong><\/p>\n\n\n\n<p>Sin \u00e1nimo de ser ni ofensivo ni adulador, Juan Javier G\u00f3mez Cazar\u00edn se volvi\u00f3 un fen\u00f3meno pol\u00edtico que ha llamado la atenci\u00f3n, no s\u00f3lo de medios ni del inquilino de Palacio Nacional, sino tambi\u00e9n de las corcholatas.<\/p>\n\n\n\n<p>Pudo parecer una jalada lo de su Marcha de la Justicia que parti\u00f3 desde Hueyapan de Ocampo hasta la Ciudad de M\u00e9xico, con intervalos caminando, y otros, en veh\u00edculo, pero sin\u00a0\u00a0duda, hizo algo diferente al resto de contingentes que se congregaron el s\u00e1bado pasado al llamado del Presidente quesque para celebrar un aniversario m\u00e1s de la Expropiaci\u00f3n Petrolera\u2026<\/p>\n\n\n\n<p>Igual pudo parecer un show que desde Hueyapan de Ocampo hasta la Ciudad de M\u00e9xico, una camioneta llevara en una jaula a las figuras de los tres antagonistas del Presidente Andr\u00e9s Manuel L\u00f3pez Obrador: Genaro Garc\u00eda Luna, Lorenzo C\u00f3rdova y Felipe Calder\u00f3n Hinojosa\u2026<\/p>\n\n\n\n<p>Al final, lo que le vale al Car\u00f3n, es el mensaje que envi\u00f3 y cuyo receptor lo acogi\u00f3 con gusto\u2026 est\u00e1 en la sinton\u00eda del Presidente y a la vez, en el clamor de los morenos que han hecho de los antagonistas de AMLO, los enemigos de la Cuarta Transformaci\u00f3n o s\u00edmbolos de la corrupci\u00f3n\u2026<\/p>\n\n\n\n<p>En Palacio Nacional y las corcholatas tienen en claro que el pandero en Veracruz lo lleva Cazar\u00edn\u2026 lo constat\u00f3 Claudia Sheinbaum\u2026 lo constat\u00f3 Ad\u00e1n Augusto L\u00f3pez\u2026 lo sabe el Presidente\u2026<\/p>\n\n\n\n<p>El s\u00e1bado pues, fue redondo para el presidente de la Jucopo en el Congreso del Estado\u2026 el Presidente acogi\u00f3 con gusto su manifestaci\u00f3n; llam\u00f3 poderosamente la atenci\u00f3n de las corcholatas; y gan\u00f3 el Am\u00e9rica a las Chivas 4-2\u2026 \u00bfQu\u00e9 m\u00e1s puede pedir el Car\u00f3n?<\/p>\n\n\n\n<p><strong>Segundo Acto<\/strong><\/p>\n\n\n\n<p>Todo lo contrario a la Jaula de la Justicia fue la pira en que convirtieron una mu\u00f1eca que representaba a la presidenta de la Suprema Corte de Justicia de la Naci\u00f3n, Norma Pi\u00f1a Hern\u00e1ndez, por un grupo de morenos en pleno z\u00f3calo.<\/p>\n\n\n\n<p>Es curioso, el malestar que se tiene contra la titular de la SCJN es porque ha decidido la Ministra Presidenta mantener la Autonom\u00eda de este poder antes que doblegarse a otro Poder. La defensa de esa Independencia ha generado groser\u00edas por parte del Presidente as\u00ed como amenazas en redes sociales para que la cereza fuera ese aquelarre por la tarde-noche del s\u00e1bado pasado, donde una turba disfrutaba la pira ardiendo con la figura de Pi\u00f1a Hern\u00e1ndez\u2026 pero si esto es \u201ccurioso\u201d, lo es m\u00e1s el hecho de que mientras Norma Pi\u00f1a pugna por la autonom\u00eda, la titular del Poder Judicial del Estado de Veracruz, Lisbeth Aurelia Jim\u00e9nez Aguirre, presum\u00eda en redes sociales \u201cel honor de estar con L\u00f3pez Obrador\u201d\u2026 de la Autonom\u00eda a la Sumisi\u00f3n\u2026<\/p>\n\n\n\n<p><strong>Tercer Acto<\/strong><\/p>\n\n\n\n<p>Muy independiente del audio que expone lo que el Gobierno del Estado pretende, v\u00eda Seguridad P\u00fablica, en las pr\u00f3ximas elecciones, coordinado por el titular de la Unidad Administrativa de esta dependencia, Ulises Rodr\u00edguez Landa, quien hizo la travesura, mata a dos p\u00e1jaros de un tiro\u2026 o m\u00e1s bien dicho, \u00a1a dos primos!<\/p>\n\n\n\n<p>Primero, a Eleazar Guerrero P\u00e9rez, subsecretario de Sefiplan, a quien le atribuyen el control de los titulares de las Unidades Administrativas en varias dependencias, incluyendo Seguridad P\u00fablica y si se agrega que su hijo, el Junior, labora en dicha secretar\u00eda, el c\u00edrculo se va cerrando, para completar la figura con esta agrupaci\u00f3n llamada Unidos Todos que vaya que mueve algo m\u00e1s que gente en sus eventos\u2026<\/p>\n\n\n\n<p>El segundo es Cuitl\u00e1huac Garc\u00eda Jim\u00e9nez, quien se ostenta de que los titulares de las Unidades Administrativas acuerdan con \u00e9l por encima del secretario a cargo. Luego entonces, si hay certeza en el audio filtrado, podr\u00edamos estar hablando que Cuitl\u00e1huac ya entra en la categor\u00eda de Mapache Mayor.<\/p>\n\n\n\n<p>Ahora, queda claro que el audio filtrado tiene su origen al interior de Seguridad P\u00fablica, es decir hay topos, lo que obliga a hacerse la pregunta: \u201cQui\u00e9n se beneficia con la muerte de la Se\u00f1ora Hood?\u201d\u2026 es decir, qui\u00e9n se beneficia exhibiendo a Ulises Rodr\u00edguez Landa y suponiendo que ello lo pueda llevar a perder su cargo? A partir de la respuesta, se entiende entonces \u201cel motivo del crimen\u201d.<\/p>\n","protected":false},"excerpt":{"rendered":"<p>Los Pol\u00edticos Salvador Mu\u00f1oz Primer Acto Sin \u00e1nimo de ser ni ofensivo ni adulador, Juan Javier G\u00f3mez Cazar\u00edn se volvi\u00f3 un fen\u00f3meno pol\u00edtico que ha llamado la atenci\u00f3n, no s\u00f3lo de medios ni del inquilino de Palacio Nacional, sino tambi\u00e9n de las corcholatas. Pudo parecer una jalada lo de su Marcha de la Justicia que [&hellip;]<\/p>\n","protected":false},"author":2476,"featured_media":0,"comment_status":"open","ping_status":"open","sticky":false,"template":"","format":"standard","meta":{"_jetpack_memberships_contains_paid_content":false,"footnotes":""},"categories":[3],"tags":[],"class_list":["post-38211","post","type-post","status-publish","format-standard","hentry","category-xalapa"],"jetpack_featured_media_url":"","jetpack_sharing_enabled":true,"jetpack_likes_enabled":true,"amp_enabled":true,"_links":{"self":[{"href":"https:\/\/encuentroinformativo.com.mx\/index.php?rest_route=\/wp\/v2\/posts\/38211","targetHints":{"allow":["GET"]}}],"collection":[{"href":"https:\/\/encuentroinformativo.com.mx\/index.php?rest_route=\/wp\/v2\/posts"}],"about":[{"href":"https:\/\/encuentroinformativo.com.mx\/index.php?rest_route=\/wp\/v2\/types\/post"}],"author":[{"embeddable":true,"href":"https:\/\/encuentroinformativo.com.mx\/index.php?rest_route=\/wp\/v2\/users\/2476"}],"replies":[{"embeddable":true,"href":"https:\/\/encuentroinformativo.com.mx\/index.php?rest_route=%2Fwp%2Fv2%2Fcomments&post=38211"}],"version-history":[{"count":1,"href":"https:\/\/encuentroinformativo.com.mx\/index.php?rest_route=\/wp\/v2\/posts\/38211\/revisions"}],"predecessor-version":[{"id":38212,"href":"https:\/\/encuentroinformativo.com.mx\/index.php?rest_route=\/wp\/v2\/posts\/38211\/revisions\/38212"}],"wp:attachment":[{"href":"https:\/\/encuentroinformativo.com.mx\/index.php?rest_route=%2Fwp%2Fv2%2Fmedia&parent=38211"}],"wp:term":[{"taxonomy":"category","embeddable":true,"href":"https:\/\/encuentroinformativo.com.mx\/index.php?rest_route=%2Fwp%2Fv2%2Fcategories&post=38211"},{"taxonomy":"post_tag","embeddable":true,"href":"https:\/\/encuentroinformativo.com.mx\/index.php?rest_route=%2Fwp%2Fv2%2Ftags&post=38211"}],"curies":[{"name":"wp","href":"https:\/\/api.w.org\/{rel}","templated":true}]}}