{"id":38213,"date":"2023-03-21T10:17:56","date_gmt":"2023-03-21T16:17:56","guid":{"rendered":"https:\/\/encuentroinformativo.com.mx\/?p=38213"},"modified":"2023-03-21T10:17:59","modified_gmt":"2023-03-21T16:17:59","slug":"persisten-puentes-y-caminos-afectados-por-lluvias-en-tlalixcoyan","status":"publish","type":"post","link":"https:\/\/encuentroinformativo.com.mx\/?p=38213","title":{"rendered":"Persisten puentes y caminos afectados por lluvias en Tlalixcoyan"},"content":{"rendered":"\n<p><strong>Alejandro \u00c1vila<\/strong><\/p>\n\n\n\n<p>Tlalixcoyan, Ver.- Diversos caminos y puentes en Tlalixcoyan a\u00fan se encuentran afectados desde septiembre del 2022, cuando las lluvias dejaron estragos a su paso.<\/p>\n\n\n\n<p>Ante esta situaci\u00f3n la alcaldesa, Elvia Illescas Loyo, inst\u00f3 nuevamente al Gobierno de Veracruz a brindarles el apoyo para reparar estas v\u00edas de comunicaci\u00f3n.<\/p>\n\n\n\n<p>Hace unos d\u00edas la edil panista acudi\u00f3 a las oficinas centrales de la&nbsp; Secretar\u00eda de Infraestructura y Obra P\u00fablica (SIOP) para darle seguimiento a las solicitudes que ya hab\u00eda ingresado a finales del a\u00f1o anterior.<\/p>\n\n\n\n<p>&#8220;Como lo son la reparaci\u00f3n del puente de Pozuelos, la reparaci\u00f3n del puente de Tlalixcoyan, el puente que va de Torrecilla a Mataverde, as\u00ed como la pavimentaci\u00f3n del tramo de Piedras Negras a Madereros, la rehabilitaci\u00f3n de la carpeta asf\u00e1ltica de Piedras Negras a Cuyuenda, y la rehabilitaci\u00f3n de la carpeta asf\u00e1ltica de Piedras Negras a Bote en Bote&#8221;, declar\u00f3.<\/p>\n\n\n\n<p>Cabe recordar que seg\u00fan el reporte de la Secretar\u00eda Protecci\u00f3n Civil de Veracruz, el municipio de Tlalixcoyan tuvo 311 viviendas afectadas por la temporada de lluvias en septiembre del 2022; la misma dependencia total report\u00f3 que tres comunidades de Talixcoyan se mantuvieron incomunicadas, por lo que se implement\u00f3 el Plan DN-III en la zona.<\/p>\n\n\n\n<p>Inclusive, Tlalixcoyan fue parte de los 13 municipios por los cuales la Comisi\u00f3n Estatal de Emergencia (CEE) solicit\u00f3 Declaratoria de Emergencia; es por ello que solicitan el apoyo del gobernador, Cuitl\u00e1huac Garc\u00eda Jim\u00e9nez, para mejorar las rutas antes mencionadas.<\/p>\n","protected":false},"excerpt":{"rendered":"<p>Alejandro \u00c1vila Tlalixcoyan, Ver.- Diversos caminos y puentes en Tlalixcoyan a\u00fan se encuentran afectados desde septiembre del 2022, cuando las lluvias dejaron estragos a su paso. Ante esta situaci\u00f3n la alcaldesa, Elvia Illescas Loyo, inst\u00f3 nuevamente al Gobierno de Veracruz a brindarles el apoyo para reparar estas v\u00edas de comunicaci\u00f3n. Hace unos d\u00edas la edil [&hellip;]<\/p>\n","protected":false},"author":2476,"featured_media":38214,"comment_status":"open","ping_status":"open","sticky":false,"template":"","format":"standard","meta":{"_jetpack_memberships_contains_paid_content":false,"footnotes":""},"categories":[2],"tags":[],"class_list":["post-38213","post","type-post","status-publish","format-standard","has-post-thumbnail","hentry","category-estado"],"jetpack_featured_media_url":"https:\/\/encuentroinformativo.com.mx\/wp-content\/uploads\/2023\/03\/IMG-20230321-WA00142.jpg","jetpack_sharing_enabled":true,"jetpack_likes_enabled":true,"amp_enabled":true,"_links":{"self":[{"href":"https:\/\/encuentroinformativo.com.mx\/index.php?rest_route=\/wp\/v2\/posts\/38213","targetHints":{"allow":["GET"]}}],"collection":[{"href":"https:\/\/encuentroinformativo.com.mx\/index.php?rest_route=\/wp\/v2\/posts"}],"about":[{"href":"https:\/\/encuentroinformativo.com.mx\/index.php?rest_route=\/wp\/v2\/types\/post"}],"author":[{"embeddable":true,"href":"https:\/\/encuentroinformativo.com.mx\/index.php?rest_route=\/wp\/v2\/users\/2476"}],"replies":[{"embeddable":true,"href":"https:\/\/encuentroinformativo.com.mx\/index.php?rest_route=%2Fwp%2Fv2%2Fcomments&post=38213"}],"version-history":[{"count":1,"href":"https:\/\/encuentroinformativo.com.mx\/index.php?rest_route=\/wp\/v2\/posts\/38213\/revisions"}],"predecessor-version":[{"id":38215,"href":"https:\/\/encuentroinformativo.com.mx\/index.php?rest_route=\/wp\/v2\/posts\/38213\/revisions\/38215"}],"wp:featuredmedia":[{"embeddable":true,"href":"https:\/\/encuentroinformativo.com.mx\/index.php?rest_route=\/wp\/v2\/media\/38214"}],"wp:attachment":[{"href":"https:\/\/encuentroinformativo.com.mx\/index.php?rest_route=%2Fwp%2Fv2%2Fmedia&parent=38213"}],"wp:term":[{"taxonomy":"category","embeddable":true,"href":"https:\/\/encuentroinformativo.com.mx\/index.php?rest_route=%2Fwp%2Fv2%2Fcategories&post=38213"},{"taxonomy":"post_tag","embeddable":true,"href":"https:\/\/encuentroinformativo.com.mx\/index.php?rest_route=%2Fwp%2Fv2%2Ftags&post=38213"}],"curies":[{"name":"wp","href":"https:\/\/api.w.org\/{rel}","templated":true}]}}