{"id":38223,"date":"2023-03-21T12:55:12","date_gmt":"2023-03-21T18:55:12","guid":{"rendered":"https:\/\/encuentroinformativo.com.mx\/?p=38223"},"modified":"2023-03-21T12:55:16","modified_gmt":"2023-03-21T18:55:16","slug":"solicitan-sindicatos-destitucion-de-titular-de-educacion-especial","status":"publish","type":"post","link":"https:\/\/encuentroinformativo.com.mx\/?p=38223","title":{"rendered":"Solicitan sindicatos destituci\u00f3n de titular de Educaci\u00f3n Especial"},"content":{"rendered":"\n<p><strong>Dario Pale <\/strong><\/p>\n\n\n\n<p>Xalapa, Ver.- Sindicatos magisteriales piden la destituci\u00f3n de titular de Educaci\u00f3n Especial, se trata de Karla Estrada Arg\u00fcelles, as\u00ed lo dio a conocer, Jose Ignacio Ortiz Reyes, secretario general de Alternativa Sindical de los Trabajadores de la Educaci\u00f3n de Veracruz y otros tres sindicatos.<\/p>\n\n\n\n<p>Entrevistado durante la manifestaci\u00f3n se\u00f1al\u00f3 que est\u00e1n exigiendo la destituci\u00f3n de la titular del Departamento de Educaci\u00f3n Especial, Karla Estrada Arg\u00fcelles, ya que ha afectado a los trabajadores de la educaci\u00f3n.<\/p>\n\n\n\n<p>&#8220;Una falta de respeto a la organizaci\u00f3n sindical y no estamos dispuestos a tolerar m\u00e1s situaciones&#8221;, coment\u00f3.<\/p>\n\n\n\n<p>Si bien dijo que han tenido acercamientos no ha habido un cambio de actitud.<\/p>\n\n\n\n<p>&#8220;Hace alg\u00fan tiempo le ped\u00ed la factibilidad de algunos cambios de adscripci\u00f3n, y qued\u00f3 formal a la resoluci\u00f3n y se tom\u00f3 la atribuci\u00f3n de hacernos un lado como organizaci\u00f3n sindical y hablar particularmente con los trabajadores y ofrecerles algunas alternativas&#8221;.<\/p>\n\n\n\n<p>Adem\u00e1s, dijo, incit\u00f3 a los trabajadores a que se hicieran los movimientos fuera de tiempo y con eso se beneficia otra organizaci\u00f3n sindical y los agremiados se cambian de sindicato.\u00a0<\/p>\n\n\n\n<p>Finalmente se\u00f1al\u00f3 que, &#8220;cuando traemos una gesti\u00f3n no tiene la capacidad de responder por escrito y toma represalias contra los trabajadores&#8221;.<\/p>\n\n\n\n<p>Indic\u00f3 que los casos son particulares, pero, dijo, los derechos de los trabajadores no se vulneran.\u00a0<br>&#8220;Hay algunos casos de planteamientos donde hay ausencia de empat\u00eda&#8221;.<\/p>\n","protected":false},"excerpt":{"rendered":"<p>Dario Pale Xalapa, Ver.- Sindicatos magisteriales piden la destituci\u00f3n de titular de Educaci\u00f3n Especial, se trata de Karla Estrada Arg\u00fcelles, as\u00ed lo dio a conocer, Jose Ignacio Ortiz Reyes, secretario general de Alternativa Sindical de los Trabajadores de la Educaci\u00f3n de Veracruz y otros tres sindicatos. Entrevistado durante la manifestaci\u00f3n se\u00f1al\u00f3 que est\u00e1n exigiendo la [&hellip;]<\/p>\n","protected":false},"author":2476,"featured_media":38224,"comment_status":"open","ping_status":"open","sticky":false,"template":"","format":"standard","meta":{"_jetpack_memberships_contains_paid_content":false,"footnotes":""},"categories":[2],"tags":[],"class_list":["post-38223","post","type-post","status-publish","format-standard","has-post-thumbnail","hentry","category-estado"],"jetpack_featured_media_url":"https:\/\/encuentroinformativo.com.mx\/wp-content\/uploads\/2023\/03\/IMG-20230321-WA00452.jpg","jetpack_sharing_enabled":true,"jetpack_likes_enabled":true,"amp_enabled":true,"_links":{"self":[{"href":"https:\/\/encuentroinformativo.com.mx\/index.php?rest_route=\/wp\/v2\/posts\/38223","targetHints":{"allow":["GET"]}}],"collection":[{"href":"https:\/\/encuentroinformativo.com.mx\/index.php?rest_route=\/wp\/v2\/posts"}],"about":[{"href":"https:\/\/encuentroinformativo.com.mx\/index.php?rest_route=\/wp\/v2\/types\/post"}],"author":[{"embeddable":true,"href":"https:\/\/encuentroinformativo.com.mx\/index.php?rest_route=\/wp\/v2\/users\/2476"}],"replies":[{"embeddable":true,"href":"https:\/\/encuentroinformativo.com.mx\/index.php?rest_route=%2Fwp%2Fv2%2Fcomments&post=38223"}],"version-history":[{"count":1,"href":"https:\/\/encuentroinformativo.com.mx\/index.php?rest_route=\/wp\/v2\/posts\/38223\/revisions"}],"predecessor-version":[{"id":38225,"href":"https:\/\/encuentroinformativo.com.mx\/index.php?rest_route=\/wp\/v2\/posts\/38223\/revisions\/38225"}],"wp:featuredmedia":[{"embeddable":true,"href":"https:\/\/encuentroinformativo.com.mx\/index.php?rest_route=\/wp\/v2\/media\/38224"}],"wp:attachment":[{"href":"https:\/\/encuentroinformativo.com.mx\/index.php?rest_route=%2Fwp%2Fv2%2Fmedia&parent=38223"}],"wp:term":[{"taxonomy":"category","embeddable":true,"href":"https:\/\/encuentroinformativo.com.mx\/index.php?rest_route=%2Fwp%2Fv2%2Fcategories&post=38223"},{"taxonomy":"post_tag","embeddable":true,"href":"https:\/\/encuentroinformativo.com.mx\/index.php?rest_route=%2Fwp%2Fv2%2Ftags&post=38223"}],"curies":[{"name":"wp","href":"https:\/\/api.w.org\/{rel}","templated":true}]}}