{"id":38229,"date":"2023-03-21T13:13:57","date_gmt":"2023-03-21T19:13:57","guid":{"rendered":"https:\/\/encuentroinformativo.com.mx\/?p=38229"},"modified":"2023-03-21T13:14:02","modified_gmt":"2023-03-21T19:14:02","slug":"recuerdan-autoridades-natalicio-de-benito-juarez","status":"publish","type":"post","link":"https:\/\/encuentroinformativo.com.mx\/?p=38229","title":{"rendered":"Recuerdan autoridades natalicio de Benito Ju\u00e1rez"},"content":{"rendered":"\n<p><strong>Israel Garc\u00eda <\/strong><\/p>\n\n\n\n<p>Xalapa, Ver.- El Gobernador del Estado de Veracruz, Cuitl\u00e1huac Garc\u00eda Jim\u00e9nez\u00a0 presidi\u00f3 la ceremonia por el 217 aniversario del natalicio de Benito Ju\u00e1rez.<\/p>\n\n\n\n<p>En la ceremonia efectuada en la explanada del parque que lleva el nombre del benem\u00e9rito de las americas, el ejecutivo estatal mand\u00f3 un mensaje a los conservadores &#8220;la Patria no se vende&#8221;.<\/p>\n\n\n\n<p>&#8220;Los pol\u00edticos de la derecha de antes, muy parecidos a la derecha de ahora, si embargo sus alegatos intentan esconder su verdadera intenci\u00f3n, los reaccionarios de siempre, no quieren perder sus privilegios&#8221;, afirm\u00f3 el mandatario estatal.<\/p>\n\n\n\n<p>Explic\u00f3 Garc\u00eda Jim\u00e9nez que es muy importante conmemorar la historia de Benito Ju\u00e1rez, debido a que vive en nuestras convicciones, &#8220;en la Cuarta Transformaci\u00f3n se ha presentado una naci\u00f3n libre, pero tambi\u00e9n sin sometimientos, sin privilegios y sin corrupci\u00f3n, se trabaja para el pueblo de M\u00e9xico , para el pueblo de Veracruz, en programas, jornadas Infraestructura que benefician a las familias&#8221;.<\/p>\n\n\n\n<p>Estuvieron presentes autoridades de los distintos \u00f3rdenes de gobierno, integrantes del gabinete, representantes de organismos aut\u00f3nomos, alcaldes, entre otros.<\/p>\n\n\n\n<figure class=\"wp-block-image size-large\"><img loading=\"lazy\" decoding=\"async\" width=\"1024\" height=\"768\" src=\"https:\/\/encuentroinformativo.com.mx\/wp-content\/uploads\/2023\/03\/Photo_1679425507424-1024x768.jpg\" alt=\"\" class=\"wp-image-38231\" srcset=\"https:\/\/encuentroinformativo.com.mx\/wp-content\/uploads\/2023\/03\/Photo_1679425507424-1024x768.jpg 1024w, https:\/\/encuentroinformativo.com.mx\/wp-content\/uploads\/2023\/03\/Photo_1679425507424-300x225.jpg 300w, https:\/\/encuentroinformativo.com.mx\/wp-content\/uploads\/2023\/03\/Photo_1679425507424-768x576.jpg 768w, https:\/\/encuentroinformativo.com.mx\/wp-content\/uploads\/2023\/03\/Photo_1679425507424.jpg 1040w\" sizes=\"auto, (max-width: 1024px) 100vw, 1024px\" \/><\/figure>\n\n\n\n<p><\/p>\n","protected":false},"excerpt":{"rendered":"<p>Israel Garc\u00eda Xalapa, Ver.- El Gobernador del Estado de Veracruz, Cuitl\u00e1huac Garc\u00eda Jim\u00e9nez\u00a0 presidi\u00f3 la ceremonia por el 217 aniversario del natalicio de Benito Ju\u00e1rez. En la ceremonia efectuada en la explanada del parque que lleva el nombre del benem\u00e9rito de las americas, el ejecutivo estatal mand\u00f3 un mensaje a los conservadores &#8220;la Patria no [&hellip;]<\/p>\n","protected":false},"author":2476,"featured_media":38230,"comment_status":"open","ping_status":"open","sticky":false,"template":"","format":"standard","meta":{"_jetpack_memberships_contains_paid_content":false,"footnotes":""},"categories":[3],"tags":[],"class_list":["post-38229","post","type-post","status-publish","format-standard","has-post-thumbnail","hentry","category-xalapa"],"jetpack_featured_media_url":"https:\/\/encuentroinformativo.com.mx\/wp-content\/uploads\/2023\/03\/Photo_1679425483454.jpg","jetpack_sharing_enabled":true,"jetpack_likes_enabled":true,"amp_enabled":true,"_links":{"self":[{"href":"https:\/\/encuentroinformativo.com.mx\/index.php?rest_route=\/wp\/v2\/posts\/38229","targetHints":{"allow":["GET"]}}],"collection":[{"href":"https:\/\/encuentroinformativo.com.mx\/index.php?rest_route=\/wp\/v2\/posts"}],"about":[{"href":"https:\/\/encuentroinformativo.com.mx\/index.php?rest_route=\/wp\/v2\/types\/post"}],"author":[{"embeddable":true,"href":"https:\/\/encuentroinformativo.com.mx\/index.php?rest_route=\/wp\/v2\/users\/2476"}],"replies":[{"embeddable":true,"href":"https:\/\/encuentroinformativo.com.mx\/index.php?rest_route=%2Fwp%2Fv2%2Fcomments&post=38229"}],"version-history":[{"count":1,"href":"https:\/\/encuentroinformativo.com.mx\/index.php?rest_route=\/wp\/v2\/posts\/38229\/revisions"}],"predecessor-version":[{"id":38232,"href":"https:\/\/encuentroinformativo.com.mx\/index.php?rest_route=\/wp\/v2\/posts\/38229\/revisions\/38232"}],"wp:featuredmedia":[{"embeddable":true,"href":"https:\/\/encuentroinformativo.com.mx\/index.php?rest_route=\/wp\/v2\/media\/38230"}],"wp:attachment":[{"href":"https:\/\/encuentroinformativo.com.mx\/index.php?rest_route=%2Fwp%2Fv2%2Fmedia&parent=38229"}],"wp:term":[{"taxonomy":"category","embeddable":true,"href":"https:\/\/encuentroinformativo.com.mx\/index.php?rest_route=%2Fwp%2Fv2%2Fcategories&post=38229"},{"taxonomy":"post_tag","embeddable":true,"href":"https:\/\/encuentroinformativo.com.mx\/index.php?rest_route=%2Fwp%2Fv2%2Ftags&post=38229"}],"curies":[{"name":"wp","href":"https:\/\/api.w.org\/{rel}","templated":true}]}}