{"id":38236,"date":"2023-03-21T16:11:48","date_gmt":"2023-03-21T22:11:48","guid":{"rendered":"https:\/\/encuentroinformativo.com.mx\/?p=38236"},"modified":"2023-03-21T16:11:52","modified_gmt":"2023-03-21T22:11:52","slug":"intensifica-sev-talleres-para-prevenir-acoso-y-bullying","status":"publish","type":"post","link":"https:\/\/encuentroinformativo.com.mx\/?p=38236","title":{"rendered":"Intensifica SEV talleres para prevenir acoso y bullying"},"content":{"rendered":"\n<p><strong>Israel Garc\u00eda <\/strong><\/p>\n\n\n\n<p>Xalapa, Ver.- Sobre el tema de acoso y bullying que sufren alumnos en las escuelas, cuestionado el Secretario de Educaci\u00f3n Zenzayen Escobar Garc\u00eda dijo que s\u00ed hay quejas por padres de familia o alumnos.<\/p>\n\n\n\n<p>En entrevista el encargado de la educaci\u00f3n en Veracruz, se\u00f1al\u00f3 que se llevaban a cabo los talleres de c\u00f3mo favorecer los efectos socioemocional de las ni\u00f1as y ni\u00f1os, adolescentes, j\u00f3venes, maestros, mencion\u00f3 que llevan cuatro talleres la la asistencia ha sido entre 2 mil a 3 mil padres, iniciaron en el municipio de P\u00e1nuco, Tantoyuca, \u00c1lamo, Espinal y el d\u00eda de ma\u00f1ana en Papantla.<\/p>\n\n\n\n<p>Escobar Garc\u00eda anunci\u00f3 que pr\u00f3ximamente llevaran de parte de la Secretaria de Educaci\u00f3n el taller de \u00e1rea jur\u00eddica para como manejar el protocolo contacto de protecci\u00f3n-sexual, dijo que es un tema muy importante porque las organizaciones sindicales nos han pedido que haya un manual muy claro, de c\u00f3mo se debe manejar el docentes los directores de los planteles educativos, cuando hay un acto de connotaci\u00f3n sexual.<\/p>\n\n\n\n<p>En esta administraci\u00f3n que encabezan el gobernador Cuitl\u00e1huac Garc\u00eda Jim\u00e9nez, en Veracruz, las y los docentes tengan muy claro, &#8220;que aquel que cometa un acto de connotaci\u00f3n sexual ser\u00e1 cesado e investigado&#8221;, por \u00faltimo dijo que hay cinco suspendidos por connotaci\u00f3n sexual.<\/p>\n","protected":false},"excerpt":{"rendered":"<p>Israel Garc\u00eda Xalapa, Ver.- Sobre el tema de acoso y bullying que sufren alumnos en las escuelas, cuestionado el Secretario de Educaci\u00f3n Zenzayen Escobar Garc\u00eda dijo que s\u00ed hay quejas por padres de familia o alumnos. En entrevista el encargado de la educaci\u00f3n en Veracruz, se\u00f1al\u00f3 que se llevaban a cabo los talleres de c\u00f3mo [&hellip;]<\/p>\n","protected":false},"author":2476,"featured_media":38237,"comment_status":"open","ping_status":"open","sticky":false,"template":"","format":"standard","meta":{"_jetpack_memberships_contains_paid_content":false,"footnotes":""},"categories":[2],"tags":[],"class_list":["post-38236","post","type-post","status-publish","format-standard","has-post-thumbnail","hentry","category-estado"],"jetpack_featured_media_url":"https:\/\/encuentroinformativo.com.mx\/wp-content\/uploads\/2023\/03\/IMG-20230321-WA0088.jpg","jetpack_sharing_enabled":true,"jetpack_likes_enabled":true,"amp_enabled":true,"_links":{"self":[{"href":"https:\/\/encuentroinformativo.com.mx\/index.php?rest_route=\/wp\/v2\/posts\/38236","targetHints":{"allow":["GET"]}}],"collection":[{"href":"https:\/\/encuentroinformativo.com.mx\/index.php?rest_route=\/wp\/v2\/posts"}],"about":[{"href":"https:\/\/encuentroinformativo.com.mx\/index.php?rest_route=\/wp\/v2\/types\/post"}],"author":[{"embeddable":true,"href":"https:\/\/encuentroinformativo.com.mx\/index.php?rest_route=\/wp\/v2\/users\/2476"}],"replies":[{"embeddable":true,"href":"https:\/\/encuentroinformativo.com.mx\/index.php?rest_route=%2Fwp%2Fv2%2Fcomments&post=38236"}],"version-history":[{"count":1,"href":"https:\/\/encuentroinformativo.com.mx\/index.php?rest_route=\/wp\/v2\/posts\/38236\/revisions"}],"predecessor-version":[{"id":38238,"href":"https:\/\/encuentroinformativo.com.mx\/index.php?rest_route=\/wp\/v2\/posts\/38236\/revisions\/38238"}],"wp:featuredmedia":[{"embeddable":true,"href":"https:\/\/encuentroinformativo.com.mx\/index.php?rest_route=\/wp\/v2\/media\/38237"}],"wp:attachment":[{"href":"https:\/\/encuentroinformativo.com.mx\/index.php?rest_route=%2Fwp%2Fv2%2Fmedia&parent=38236"}],"wp:term":[{"taxonomy":"category","embeddable":true,"href":"https:\/\/encuentroinformativo.com.mx\/index.php?rest_route=%2Fwp%2Fv2%2Fcategories&post=38236"},{"taxonomy":"post_tag","embeddable":true,"href":"https:\/\/encuentroinformativo.com.mx\/index.php?rest_route=%2Fwp%2Fv2%2Ftags&post=38236"}],"curies":[{"name":"wp","href":"https:\/\/api.w.org\/{rel}","templated":true}]}}