{"id":38239,"date":"2023-03-21T16:33:08","date_gmt":"2023-03-21T22:33:08","guid":{"rendered":"https:\/\/encuentroinformativo.com.mx\/?p=38239"},"modified":"2023-03-21T16:33:11","modified_gmt":"2023-03-21T22:33:11","slug":"carreteras-del-tajin-estan-en-mal-estado-reconoce-siop","status":"publish","type":"post","link":"https:\/\/encuentroinformativo.com.mx\/?p=38239","title":{"rendered":"Carreteras del Taj\u00edn est\u00e1n en mal estado, reconoce SIOP"},"content":{"rendered":"\n<p><strong>Dar\u00edo Pale <\/strong><\/p>\n\n\n\n<p>Xalapa, Ver.- Las carreteras para acudir a la Cumbre Taj\u00edn, que inicia este 22 de marzo, est\u00e1n en mal estado, por lo que recomend\u00f3 usar &#8220;v\u00edas alternativas&#8221;, as\u00ed lo inform\u00f3 el titular de la Secretar\u00eda de Infraestructura y Obras P\u00fablicas (SIOP), Elio Hern\u00e1ndez Guti\u00e9rrez.<\/p>\n\n\n\n<p>En entrevista se\u00f1al\u00f3 que, &#8220;siempre hacemos un bacheo, ahorita est\u00e1n medio mal las carreteras, terminado el evento vamos a arreglar m\u00e1s&#8221;.\u00a0<\/p>\n\n\n\n<p>&#8220;El acceso a la Cumbre Taj\u00edn siempre se afecta mucho, pero terminando vamos a&#8230; tienen varias opciones (para llegar), tratamos de bachear lo que m\u00e1s se pudo, obviamente no nos dio tiempo de todo, pueden llegar de Xalapa por este lado por Coatzintla y por Poza Rica&#8221;, se\u00f1al\u00f3.<\/p>\n\n\n\n<p>En otro orden de ideas adelant\u00f3 que los pasos a desnivel que se construir\u00e1n en esta capital como parte del Plan B, se iniciar\u00e1n en abril y en junio, pero advirti\u00f3 que ambas obras se estar\u00e1n ejecutando pr\u00e1cticamente al mismo tiempo, por lo que se analizan rutas alternas.<\/p>\n\n\n\n<p>Se\u00f1al\u00f3 que el fallo para la construcci\u00f3n del paso a desnivel de Las Trancas se dar\u00e1 \u00e9ste o el pr\u00f3ximo viernes, pero se tiene que comenzar a construir en el mes de abril, y en el caso del paso a desnivel que se construir\u00e1 en L\u00e1zaro C\u00e1rdenas, a la altura del Urban Center, detall\u00f3 que se deber\u00e1 iniciar en el mes de junio.<\/p>\n\n\n\n<p>Dio a conocer que en el caso del paso a desnivel de Las Trancas tendr\u00e1 una duraci\u00f3n de aproximadamente 7 u 8 meses, mientras que el segundo, se llevar\u00e1, tal vez, todo un a\u00f1o.<\/p>\n\n\n\n<p>El funcionario asever\u00f3 que junto con las autoridades de Xalapa como de Emiliano Zapata est\u00e1n analizando rutas alternas por la duraci\u00f3n de las obras.<\/p>\n\n\n\n<p>Elio Hern\u00e1ndez dijo que ambas obras deber\u00e1n quedar concluidas antes de que se termine la presente administraci\u00f3n estatal.<\/p>\n\n\n\n<p>Finalmente se\u00f1al\u00f3 que, &#8220;las obras dan un poco de guerra, pero a la larga son un beneficio para todos&#8221;.<\/p>\n","protected":false},"excerpt":{"rendered":"<p>Dar\u00edo Pale Xalapa, Ver.- Las carreteras para acudir a la Cumbre Taj\u00edn, que inicia este 22 de marzo, est\u00e1n en mal estado, por lo que recomend\u00f3 usar &#8220;v\u00edas alternativas&#8221;, as\u00ed lo inform\u00f3 el titular de la Secretar\u00eda de Infraestructura y Obras P\u00fablicas (SIOP), Elio Hern\u00e1ndez Guti\u00e9rrez. En entrevista se\u00f1al\u00f3 que, &#8220;siempre hacemos un bacheo, ahorita [&hellip;]<\/p>\n","protected":false},"author":2476,"featured_media":38240,"comment_status":"open","ping_status":"open","sticky":false,"template":"","format":"standard","meta":{"_jetpack_memberships_contains_paid_content":false,"footnotes":""},"categories":[2],"tags":[],"class_list":["post-38239","post","type-post","status-publish","format-standard","has-post-thumbnail","hentry","category-estado"],"jetpack_featured_media_url":"https:\/\/encuentroinformativo.com.mx\/wp-content\/uploads\/2023\/03\/IMG-20230321-WA01152.jpg","jetpack_sharing_enabled":true,"jetpack_likes_enabled":true,"amp_enabled":true,"_links":{"self":[{"href":"https:\/\/encuentroinformativo.com.mx\/index.php?rest_route=\/wp\/v2\/posts\/38239","targetHints":{"allow":["GET"]}}],"collection":[{"href":"https:\/\/encuentroinformativo.com.mx\/index.php?rest_route=\/wp\/v2\/posts"}],"about":[{"href":"https:\/\/encuentroinformativo.com.mx\/index.php?rest_route=\/wp\/v2\/types\/post"}],"author":[{"embeddable":true,"href":"https:\/\/encuentroinformativo.com.mx\/index.php?rest_route=\/wp\/v2\/users\/2476"}],"replies":[{"embeddable":true,"href":"https:\/\/encuentroinformativo.com.mx\/index.php?rest_route=%2Fwp%2Fv2%2Fcomments&post=38239"}],"version-history":[{"count":1,"href":"https:\/\/encuentroinformativo.com.mx\/index.php?rest_route=\/wp\/v2\/posts\/38239\/revisions"}],"predecessor-version":[{"id":38241,"href":"https:\/\/encuentroinformativo.com.mx\/index.php?rest_route=\/wp\/v2\/posts\/38239\/revisions\/38241"}],"wp:featuredmedia":[{"embeddable":true,"href":"https:\/\/encuentroinformativo.com.mx\/index.php?rest_route=\/wp\/v2\/media\/38240"}],"wp:attachment":[{"href":"https:\/\/encuentroinformativo.com.mx\/index.php?rest_route=%2Fwp%2Fv2%2Fmedia&parent=38239"}],"wp:term":[{"taxonomy":"category","embeddable":true,"href":"https:\/\/encuentroinformativo.com.mx\/index.php?rest_route=%2Fwp%2Fv2%2Fcategories&post=38239"},{"taxonomy":"post_tag","embeddable":true,"href":"https:\/\/encuentroinformativo.com.mx\/index.php?rest_route=%2Fwp%2Fv2%2Ftags&post=38239"}],"curies":[{"name":"wp","href":"https:\/\/api.w.org\/{rel}","templated":true}]}}