{"id":38242,"date":"2023-03-21T17:10:27","date_gmt":"2023-03-21T23:10:27","guid":{"rendered":"https:\/\/encuentroinformativo.com.mx\/?p=38242"},"modified":"2023-03-21T17:10:31","modified_gmt":"2023-03-21T23:10:31","slug":"aumenta-9-numero-de-trabajadores-pensionados","status":"publish","type":"post","link":"https:\/\/encuentroinformativo.com.mx\/?p=38242","title":{"rendered":"Aumenta 9% n\u00famero de trabajadores pensionados"},"content":{"rendered":"\n<p><strong>Dar\u00edo Pale <\/strong><\/p>\n\n\n\n<p>Xalapa, Ver &#8211; El n\u00famero de pensionados ha crecido en un 9 por ciento durante los \u00faltimos a\u00f1os superando al de los trabajadores activos, as\u00ed lo reconoci\u00f3 la directora del Instituto de Pensiones del Estado (IPE), Daniela Griego Ceballos.<\/p>\n\n\n\n<p>En entrevista se\u00f1alo que el personal activo que aporta su cuotas al IPE es de solo el 2 por ciento contra el 9 por ciento que ha incrementado el n\u00famero de jubilados en los \u00faltimos a\u00f1os.<\/p>\n\n\n\n<p>\u201cSi bien ha crecido la cifra de trabajadores activos no es en la misma proporci\u00f3n que lo hacen los pensionados. Estamos hablando de que ha crecido en un 9 por ciento el n\u00famero de n\u00f3mina de pensionados y los activos en 2 por ciento y eso provoca que este d\u00e9ficit vaya creciendo\u201d, se\u00f1al\u00f3.<\/p>\n\n\n\n<p>Dio a conocer que ha se\u00f1alado a la Secretar\u00eda de Finanzas y Planeaci\u00f3n (Sefiplan) que es necesario que tanto la administraci\u00f3n p\u00fablica como los Ayuntamientos puedan regularizar el estatus de sus tratadores. \u00a0<\/p>\n\n\n\n<p>\u201cAmpliar los ingresos para compensar el d\u00e9ficit y es un tema que est\u00e1 a discusi\u00f3n, es necesario que los Ayuntamientos regularicen a sus trabajadores e incluso la administraci\u00f3n estatal para que puedan ir compensando este d\u00e9ficit\u201d, coment\u00f3.<\/p>\n\n\n\n<p>Griego Ceballos indic\u00f3 que tan solo en la Secretar\u00eda de Salud del estado hace varios a\u00f1os 800 plazas estatales pasaron al r\u00e9gimen federal y no han sido reemplazadas.<\/p>\n\n\n\n<p>Finalmente coment\u00f3 que, \u201clos trabajadores de Salud tiene muchos a\u00f1os que pasaron al sistema federal, tenemos una generaci\u00f3n de 800 trabajadores de salud que no tienen reemplazo, no hay nuevas plazas en el sector salud eso ha creado un desfase\u201d.<\/p>\n","protected":false},"excerpt":{"rendered":"<p>Dar\u00edo Pale Xalapa, Ver &#8211; El n\u00famero de pensionados ha crecido en un 9 por ciento durante los \u00faltimos a\u00f1os superando al de los trabajadores activos, as\u00ed lo reconoci\u00f3 la directora del Instituto de Pensiones del Estado (IPE), Daniela Griego Ceballos. En entrevista se\u00f1alo que el personal activo que aporta su cuotas al IPE es [&hellip;]<\/p>\n","protected":false},"author":2476,"featured_media":38244,"comment_status":"open","ping_status":"open","sticky":false,"template":"","format":"standard","meta":{"_jetpack_memberships_contains_paid_content":false,"footnotes":""},"categories":[2],"tags":[],"class_list":["post-38242","post","type-post","status-publish","format-standard","has-post-thumbnail","hentry","category-estado"],"jetpack_featured_media_url":"https:\/\/encuentroinformativo.com.mx\/wp-content\/uploads\/2023\/03\/Photo_1679440041051.jpg","jetpack_sharing_enabled":true,"jetpack_likes_enabled":true,"amp_enabled":true,"_links":{"self":[{"href":"https:\/\/encuentroinformativo.com.mx\/index.php?rest_route=\/wp\/v2\/posts\/38242","targetHints":{"allow":["GET"]}}],"collection":[{"href":"https:\/\/encuentroinformativo.com.mx\/index.php?rest_route=\/wp\/v2\/posts"}],"about":[{"href":"https:\/\/encuentroinformativo.com.mx\/index.php?rest_route=\/wp\/v2\/types\/post"}],"author":[{"embeddable":true,"href":"https:\/\/encuentroinformativo.com.mx\/index.php?rest_route=\/wp\/v2\/users\/2476"}],"replies":[{"embeddable":true,"href":"https:\/\/encuentroinformativo.com.mx\/index.php?rest_route=%2Fwp%2Fv2%2Fcomments&post=38242"}],"version-history":[{"count":1,"href":"https:\/\/encuentroinformativo.com.mx\/index.php?rest_route=\/wp\/v2\/posts\/38242\/revisions"}],"predecessor-version":[{"id":38245,"href":"https:\/\/encuentroinformativo.com.mx\/index.php?rest_route=\/wp\/v2\/posts\/38242\/revisions\/38245"}],"wp:featuredmedia":[{"embeddable":true,"href":"https:\/\/encuentroinformativo.com.mx\/index.php?rest_route=\/wp\/v2\/media\/38244"}],"wp:attachment":[{"href":"https:\/\/encuentroinformativo.com.mx\/index.php?rest_route=%2Fwp%2Fv2%2Fmedia&parent=38242"}],"wp:term":[{"taxonomy":"category","embeddable":true,"href":"https:\/\/encuentroinformativo.com.mx\/index.php?rest_route=%2Fwp%2Fv2%2Fcategories&post=38242"},{"taxonomy":"post_tag","embeddable":true,"href":"https:\/\/encuentroinformativo.com.mx\/index.php?rest_route=%2Fwp%2Fv2%2Ftags&post=38242"}],"curies":[{"name":"wp","href":"https:\/\/api.w.org\/{rel}","templated":true}]}}