{"id":38246,"date":"2023-03-21T17:25:20","date_gmt":"2023-03-21T23:25:20","guid":{"rendered":"https:\/\/encuentroinformativo.com.mx\/?p=38246"},"modified":"2023-03-21T17:25:24","modified_gmt":"2023-03-21T23:25:24","slug":"gobierno-apegado-a-la-legalidad-afirma-subsecretario","status":"publish","type":"post","link":"https:\/\/encuentroinformativo.com.mx\/?p=38246","title":{"rendered":"Gobierno apegado a la legalidad, afirma subsecretario"},"content":{"rendered":"\n<p><strong>Israel Garc\u00eda <\/strong><\/p>\n\n\n\n<p>Xalapa, Ver.- El Subsecretario de Finanzas Eleazar Guerrero P\u00e9rez acompa\u00f1\u00f3 al gobernador del estado de Veracruz y secretarios de despacho a la ceremonia por los 217 aniversario del natalicio de Benito Ju\u00e1rez del 21 de Marzo.<\/p>\n\n\n\n<p>Cuestionado por medios de comunicaci\u00f3n sobre un audio que al aparecer fue filtrado, aclar\u00f3 que si existen las evidencias s\u00f3lidas que vayan a las fiscal\u00eda hacer las denuncias correspondientes.<\/p>\n\n\n\n<p>&#8220;Por el momento no tenemos ninguna duda somos un gobierno pegado a la legalidad&#8221;.<\/p>\n\n\n\n<p>Explic\u00f3 que todos los que estan en el Movimiento de Regeneraci\u00f3n Nacional, trabajan los fines de semana nadie nos va impedir, nuestro movimiento estan convencido de debemos de caminar por esta ruta&#8221;.<\/p>\n\n\n\n<p>&#8220;Los conservadores quisieran que fu\u00e9ramos como ellos, que los fines de semana se dedicaban a viajar por Miami, Haw\u00e1i, gastando el recurso p\u00fablico y descuidaban a las y los veracruzanos, hoy no es as\u00ed, nosotros llevamos al \u00faltimo rinc\u00f3n del estado de Veracruz\u00a0 la informaci\u00f3n, de la Reforma Electoral que sepan el pueblo de Veracruz el despilfarro de recursos en el INE y eso les molesta a los conservadores se les acabo sus privilegios, el presidente de la rep\u00fablica Andr\u00e9s Manuel L\u00f3pez Obrador puso orden y eso les molesta&#8221;.<\/p>\n\n\n\n<p>Los de la derecha PRI, PAN y PRD que es una bisagra, siempre han estado inquietos para buscar como seguir da\u00f1ando, al pa\u00eds, al estado, sus estrategias ni ellos se las creen.<\/p>\n\n\n\n<p>Cabe recordar que en los \u00faltimos d\u00edas se dio a conocer un audio donde altos mandos de la Secretar\u00eda de Seguridad P\u00fablica estar\u00edan girando instrucciones para que los trabajadores comiencen a organizarse con miras al pr\u00f3ximo proceso electoral, acci\u00f3n que tambi\u00e9n fue justificada por el ejecutivo estatal.<\/p>\n\n\n\n<p><\/p>\n","protected":false},"excerpt":{"rendered":"<p>Israel Garc\u00eda Xalapa, Ver.- El Subsecretario de Finanzas Eleazar Guerrero P\u00e9rez acompa\u00f1\u00f3 al gobernador del estado de Veracruz y secretarios de despacho a la ceremonia por los 217 aniversario del natalicio de Benito Ju\u00e1rez del 21 de Marzo. Cuestionado por medios de comunicaci\u00f3n sobre un audio que al aparecer fue filtrado, aclar\u00f3 que si existen [&hellip;]<\/p>\n","protected":false},"author":2476,"featured_media":38247,"comment_status":"open","ping_status":"open","sticky":false,"template":"","format":"standard","meta":{"_jetpack_memberships_contains_paid_content":false,"footnotes":""},"categories":[2],"tags":[],"class_list":["post-38246","post","type-post","status-publish","format-standard","has-post-thumbnail","hentry","category-estado"],"jetpack_featured_media_url":"https:\/\/encuentroinformativo.com.mx\/wp-content\/uploads\/2023\/03\/IMG-20230321-WA0114.jpg","jetpack_sharing_enabled":true,"jetpack_likes_enabled":true,"amp_enabled":true,"_links":{"self":[{"href":"https:\/\/encuentroinformativo.com.mx\/index.php?rest_route=\/wp\/v2\/posts\/38246","targetHints":{"allow":["GET"]}}],"collection":[{"href":"https:\/\/encuentroinformativo.com.mx\/index.php?rest_route=\/wp\/v2\/posts"}],"about":[{"href":"https:\/\/encuentroinformativo.com.mx\/index.php?rest_route=\/wp\/v2\/types\/post"}],"author":[{"embeddable":true,"href":"https:\/\/encuentroinformativo.com.mx\/index.php?rest_route=\/wp\/v2\/users\/2476"}],"replies":[{"embeddable":true,"href":"https:\/\/encuentroinformativo.com.mx\/index.php?rest_route=%2Fwp%2Fv2%2Fcomments&post=38246"}],"version-history":[{"count":1,"href":"https:\/\/encuentroinformativo.com.mx\/index.php?rest_route=\/wp\/v2\/posts\/38246\/revisions"}],"predecessor-version":[{"id":38248,"href":"https:\/\/encuentroinformativo.com.mx\/index.php?rest_route=\/wp\/v2\/posts\/38246\/revisions\/38248"}],"wp:featuredmedia":[{"embeddable":true,"href":"https:\/\/encuentroinformativo.com.mx\/index.php?rest_route=\/wp\/v2\/media\/38247"}],"wp:attachment":[{"href":"https:\/\/encuentroinformativo.com.mx\/index.php?rest_route=%2Fwp%2Fv2%2Fmedia&parent=38246"}],"wp:term":[{"taxonomy":"category","embeddable":true,"href":"https:\/\/encuentroinformativo.com.mx\/index.php?rest_route=%2Fwp%2Fv2%2Fcategories&post=38246"},{"taxonomy":"post_tag","embeddable":true,"href":"https:\/\/encuentroinformativo.com.mx\/index.php?rest_route=%2Fwp%2Fv2%2Ftags&post=38246"}],"curies":[{"name":"wp","href":"https:\/\/api.w.org\/{rel}","templated":true}]}}