{"id":38249,"date":"2023-03-21T17:55:47","date_gmt":"2023-03-21T23:55:47","guid":{"rendered":"https:\/\/encuentroinformativo.com.mx\/?p=38249"},"modified":"2023-03-21T17:55:51","modified_gmt":"2023-03-21T23:55:51","slug":"ciudadanos-se-manifiestan-en-cabildo-porteno-contra-regidor-acusado-de-abusos","status":"publish","type":"post","link":"https:\/\/encuentroinformativo.com.mx\/?p=38249","title":{"rendered":"Ciudadanos se manifiestan en Cabildo porte\u00f1o  contra regidor acusado de abusos"},"content":{"rendered":"\n<p><strong>Alejandro \u00c1vila<\/strong><\/p>\n\n\n\n<p>Veracruz, Ver.- Amigos y familiares de las v\u00edctimas de un regidor del Ayuntamiento de Veracruz quien ha sido denunciado penalmente por presunta violencia f\u00edsica y sexual acudieron al Cabildo para solicitar fuera separado del cargo.<\/p>\n\n\n\n<p>Durante la sesi\u00f3n de Cabildo de este martes, la regidora priista, Belem Palmeros Exsome pidi\u00f3 la palabra para respaldar a las v\u00edctimas; al tiempo que aclar\u00f3 existen tres denuncias formales ante la Fiscal\u00eda General de la Rep\u00fablica.<\/p>\n\n\n\n<p>Los n\u00fameros de carpeta de investigaci\u00f3n son los siguientes: 349\/2023, 774\/2023 y 816\/2023.<\/p>\n\n\n\n<p>Te va a recordar que hace unos d\u00edas una joven denunci\u00f3 en redes sociales haber sido v\u00edctima de abuso sexual y f\u00edsico por parte del regidor morenista, Sebasti\u00e1n &#8220;N&#8221;; momentos m\u00e1s tarde otras j\u00f3venes se\u00f1alaron haber sido v\u00edctimas del mismo sujeto.<\/p>\n\n\n\n<p>&#8220;Como Regidora de la Comisi\u00f3n de Igualdad de G\u00e9nero, quiero decirles a las v\u00edctimas que se atrevieron a denunciar, que yo, yo s\u00ed les creo, que como mujer las apoyo, y que por supuesto, le exijo a las autoridades competentes, que se ejecuten los protocolos con perspectiva de g\u00e9nero y se aplique todo el peso de la ley&#8221;.<\/p>\n\n\n\n<p>&#8220;Agradezco a las v\u00edctimas la confianza que han tenido para hacerme llegar sus denuncias acompa\u00f1adas a los n\u00fameros de carpetas de investigaci\u00f3n, quiero que sepan que en mi encontrar\u00e1n discreci\u00f3n y secrec\u00eda, pero que tambi\u00e9n cumplir\u00e9 con mi obligaci\u00f3n como funcionaria p\u00fablica de entregarlas al \u00d3rgano de Control Interno&#8221;, sentenci\u00f3.<\/p>\n\n\n\n<p>De la misma manera, la edil priista exigi\u00f3 a la Contralor\u00eda del Ayuntamiento de Veracruz que inicie la Investigaci\u00f3n y Vigilancia que corresponda en la Regidur\u00eda Sexta, a cargo de Sebasti\u00e1n &#8220;N&#8221;; a qui\u00e9n tambi\u00e9n le pidi\u00f3 separarse de su cargo.<\/p>\n\n\n\n<p>&#8220;Por \u00faltimo, apelo a tu \u00e9tica, si la tienes, te invito a que en \u00e9ste momento pidas licencia para que te defiendas y lleves el proceso en igualdad de circunstancias. Deja la silla del poder y tu posici\u00f3n de privilegio, y perm\u00edtenos a qui\u00e9nes integramos este Cabildo trabajar de manera honorable&#8221;, culmin\u00f3 Palmeros Exsome.<\/p>\n","protected":false},"excerpt":{"rendered":"<p>Alejandro \u00c1vila Veracruz, Ver.- Amigos y familiares de las v\u00edctimas de un regidor del Ayuntamiento de Veracruz quien ha sido denunciado penalmente por presunta violencia f\u00edsica y sexual acudieron al Cabildo para solicitar fuera separado del cargo. Durante la sesi\u00f3n de Cabildo de este martes, la regidora priista, Belem Palmeros Exsome pidi\u00f3 la palabra para [&hellip;]<\/p>\n","protected":false},"author":2476,"featured_media":38250,"comment_status":"open","ping_status":"open","sticky":false,"template":"","format":"standard","meta":{"_jetpack_memberships_contains_paid_content":false,"footnotes":""},"categories":[2],"tags":[],"class_list":["post-38249","post","type-post","status-publish","format-standard","has-post-thumbnail","hentry","category-estado"],"jetpack_featured_media_url":"https:\/\/encuentroinformativo.com.mx\/wp-content\/uploads\/2023\/03\/IMG-20230321-WA0126.jpg","jetpack_sharing_enabled":true,"jetpack_likes_enabled":true,"amp_enabled":true,"_links":{"self":[{"href":"https:\/\/encuentroinformativo.com.mx\/index.php?rest_route=\/wp\/v2\/posts\/38249","targetHints":{"allow":["GET"]}}],"collection":[{"href":"https:\/\/encuentroinformativo.com.mx\/index.php?rest_route=\/wp\/v2\/posts"}],"about":[{"href":"https:\/\/encuentroinformativo.com.mx\/index.php?rest_route=\/wp\/v2\/types\/post"}],"author":[{"embeddable":true,"href":"https:\/\/encuentroinformativo.com.mx\/index.php?rest_route=\/wp\/v2\/users\/2476"}],"replies":[{"embeddable":true,"href":"https:\/\/encuentroinformativo.com.mx\/index.php?rest_route=%2Fwp%2Fv2%2Fcomments&post=38249"}],"version-history":[{"count":2,"href":"https:\/\/encuentroinformativo.com.mx\/index.php?rest_route=\/wp\/v2\/posts\/38249\/revisions"}],"predecessor-version":[{"id":38252,"href":"https:\/\/encuentroinformativo.com.mx\/index.php?rest_route=\/wp\/v2\/posts\/38249\/revisions\/38252"}],"wp:featuredmedia":[{"embeddable":true,"href":"https:\/\/encuentroinformativo.com.mx\/index.php?rest_route=\/wp\/v2\/media\/38250"}],"wp:attachment":[{"href":"https:\/\/encuentroinformativo.com.mx\/index.php?rest_route=%2Fwp%2Fv2%2Fmedia&parent=38249"}],"wp:term":[{"taxonomy":"category","embeddable":true,"href":"https:\/\/encuentroinformativo.com.mx\/index.php?rest_route=%2Fwp%2Fv2%2Fcategories&post=38249"},{"taxonomy":"post_tag","embeddable":true,"href":"https:\/\/encuentroinformativo.com.mx\/index.php?rest_route=%2Fwp%2Fv2%2Ftags&post=38249"}],"curies":[{"name":"wp","href":"https:\/\/api.w.org\/{rel}","templated":true}]}}