{"id":38256,"date":"2023-03-22T09:33:07","date_gmt":"2023-03-22T15:33:07","guid":{"rendered":"https:\/\/encuentroinformativo.com.mx\/?p=38256"},"modified":"2023-03-22T09:33:10","modified_gmt":"2023-03-22T15:33:10","slug":"feminicidio-en-san-rafael-encuentran-cuerpo-de-valeria","status":"publish","type":"post","link":"https:\/\/encuentroinformativo.com.mx\/?p=38256","title":{"rendered":"Feminicidio en San Rafael, encuentran cuerpo de Valeria"},"content":{"rendered":"\n<p><strong>Alejandro \u00c1vila<\/strong><\/p>\n\n\n\n<p>San Rafael, Ver.- Este martes fue encontrado el cuerpo sin vida de la joven Valeria, en una parcela de la localidad Puntilla Aldama perteneciente al municipio de San Rafael.<\/p>\n\n\n\n<p>La joven de apenas 20 a\u00f1os de edad fue reportada como desaparecida por sus familiares el pasado lunes; el cuerpo fue encontrado con golpes y presuntos indicios de abuso.<\/p>\n\n\n\n<p>Familiares exigen a las autoridades dar con el responsable de estos hechos debido a que aseguran la joven era muy tranquila y querida por la poblaci\u00f3n, misma que se encuentra consternada por lo sucedido.<\/p>\n\n\n\n<p>De la misma manera, ciudadanos del municipio de San Rafael exigen al presidente municipal H\u00e9ctor Lagunes Reyes, incrementa la seguridad en la zona, pues en los \u00faltimos meses se han incrementado los hechos de violencia e inseguridad en el municipio.<\/p>\n\n\n\n<p>Tan solo en 2023 en el municipio de San Rafael se acumula en tres asesinatos, el de dos hombres y este de una mujer.<\/p>\n\n\n\n<p>En el estado de Veracruz en los \u00faltimos cuatro d\u00edas sea asesinado a una mujer diariamente, anteriormente en los municipios de Medell\u00edn de Bravo, Huatusco y C\u00f3rdoba.<\/p>\n","protected":false},"excerpt":{"rendered":"<p>Alejandro \u00c1vila San Rafael, Ver.- Este martes fue encontrado el cuerpo sin vida de la joven Valeria, en una parcela de la localidad Puntilla Aldama perteneciente al municipio de San Rafael. La joven de apenas 20 a\u00f1os de edad fue reportada como desaparecida por sus familiares el pasado lunes; el cuerpo fue encontrado con golpes [&hellip;]<\/p>\n","protected":false},"author":2476,"featured_media":38257,"comment_status":"open","ping_status":"open","sticky":false,"template":"","format":"standard","meta":{"_jetpack_memberships_contains_paid_content":false,"footnotes":""},"categories":[14],"tags":[],"class_list":["post-38256","post","type-post","status-publish","format-standard","has-post-thumbnail","hentry","category-policiaca"],"jetpack_featured_media_url":"https:\/\/encuentroinformativo.com.mx\/wp-content\/uploads\/2023\/03\/IMG-20230322-WA0038.jpg","jetpack_sharing_enabled":true,"jetpack_likes_enabled":true,"amp_enabled":true,"_links":{"self":[{"href":"https:\/\/encuentroinformativo.com.mx\/index.php?rest_route=\/wp\/v2\/posts\/38256","targetHints":{"allow":["GET"]}}],"collection":[{"href":"https:\/\/encuentroinformativo.com.mx\/index.php?rest_route=\/wp\/v2\/posts"}],"about":[{"href":"https:\/\/encuentroinformativo.com.mx\/index.php?rest_route=\/wp\/v2\/types\/post"}],"author":[{"embeddable":true,"href":"https:\/\/encuentroinformativo.com.mx\/index.php?rest_route=\/wp\/v2\/users\/2476"}],"replies":[{"embeddable":true,"href":"https:\/\/encuentroinformativo.com.mx\/index.php?rest_route=%2Fwp%2Fv2%2Fcomments&post=38256"}],"version-history":[{"count":1,"href":"https:\/\/encuentroinformativo.com.mx\/index.php?rest_route=\/wp\/v2\/posts\/38256\/revisions"}],"predecessor-version":[{"id":38258,"href":"https:\/\/encuentroinformativo.com.mx\/index.php?rest_route=\/wp\/v2\/posts\/38256\/revisions\/38258"}],"wp:featuredmedia":[{"embeddable":true,"href":"https:\/\/encuentroinformativo.com.mx\/index.php?rest_route=\/wp\/v2\/media\/38257"}],"wp:attachment":[{"href":"https:\/\/encuentroinformativo.com.mx\/index.php?rest_route=%2Fwp%2Fv2%2Fmedia&parent=38256"}],"wp:term":[{"taxonomy":"category","embeddable":true,"href":"https:\/\/encuentroinformativo.com.mx\/index.php?rest_route=%2Fwp%2Fv2%2Fcategories&post=38256"},{"taxonomy":"post_tag","embeddable":true,"href":"https:\/\/encuentroinformativo.com.mx\/index.php?rest_route=%2Fwp%2Fv2%2Ftags&post=38256"}],"curies":[{"name":"wp","href":"https:\/\/api.w.org\/{rel}","templated":true}]}}