{"id":3826,"date":"2020-07-03T14:27:07","date_gmt":"2020-07-03T19:27:07","guid":{"rendered":"https:\/\/encuentroinformativo.com\/?p=3826"},"modified":"2020-07-03T14:27:11","modified_gmt":"2020-07-03T19:27:11","slug":"incluiran-a-productores-veracruzanos-en-plataforma-digital-para-comercializar-su-mercancia","status":"publish","type":"post","link":"https:\/\/encuentroinformativo.com.mx\/?p=3826","title":{"rendered":"Incluir\u00e1n a productores veracruzanos en plataforma digital para comercializar su mercanc\u00eda"},"content":{"rendered":"\n<p><strong>Dar\u00edo Pale <\/strong><\/p>\n\n\n\n<p>Xalapa, Ver.- Dan a conocer la inclusi\u00f3n de productores veracruzanos en una plataforma digital para que puedan comercializar sus productos sin intermediarios, y obtener un mejor precio as\u00ed lo inform\u00f3 Luis Fernando Escamilla, diputado local de Colima.<\/p>\n\n\n\n<p>En conferencia de prensa realizada en conocido caf\u00e9 del centro de Xalapa, manifest\u00f3 que el motivo de su presencia en la capital del estado es para impulsar la econom\u00eda empezando por dise\u00f1ar una coordinaci\u00f3n de log\u00edstica empresarial para poder tener bases y poder apoyar a la poblaci\u00f3n ante la pandemia.<\/p>\n\n\n\n<p>\u201cEste proyecto consiste en poder impulsar el campo de manera inicial, para ello se tiene ya una plataforma digital denominada Portal latinoamericano de comercio internacional y vine a Xalapa a firmar un acuerdo. Ya se est\u00e1n levantando los censos en Veracruz y en Colima y a partir de ah\u00ed se dar\u00e1 a conocer qu\u00e9 es lo que M\u00e9xico puede ofrecer al mercado interno y al mundo. Lo que buscamos es que los productores se beneficien de manera directa, sin intermediarios\u201d, se\u00f1al\u00f3.<\/p>\n\n\n\n<p>El legislador manifest\u00f3 que todos quienes sean productores pueden acceder a la mencionada plataforma que servir\u00e1 para evitar a los intermediarios y de esta forma obtengan un mejor precio por sus productos.<\/p>\n\n\n\n<p>Finalmente dio a conocer que en la plataforma ya hay inscritos unos cuatro mil productores de todo el pa\u00eds y que en Veracruz se firmar\u00e1n los acuerdos para empezar a trabajar en la plataforma.<\/p>\n\n\n\n<p><\/p>\n","protected":false},"excerpt":{"rendered":"<p>Dar\u00edo Pale Xalapa, Ver.- Dan a conocer la inclusi\u00f3n de productores veracruzanos en una plataforma digital para que puedan comercializar sus productos sin intermediarios, y obtener un mejor precio as\u00ed lo inform\u00f3 Luis Fernando Escamilla, diputado local de Colima. En conferencia de prensa realizada en conocido caf\u00e9 del centro de Xalapa, manifest\u00f3 que el motivo [&hellip;]<\/p>\n","protected":false},"author":1,"featured_media":3827,"comment_status":"open","ping_status":"open","sticky":false,"template":"","format":"standard","meta":{"_jetpack_memberships_contains_paid_content":false,"footnotes":""},"categories":[12],"tags":[],"class_list":["post-3826","post","type-post","status-publish","format-standard","has-post-thumbnail","hentry","category-nacional"],"jetpack_featured_media_url":"https:\/\/encuentroinformativo.com.mx\/wp-content\/uploads\/2020\/07\/4F4BE9F3-9F47-483F-8BFC-13966C447A9E.jpeg","jetpack_sharing_enabled":true,"jetpack_likes_enabled":true,"amp_enabled":true,"_links":{"self":[{"href":"https:\/\/encuentroinformativo.com.mx\/index.php?rest_route=\/wp\/v2\/posts\/3826","targetHints":{"allow":["GET"]}}],"collection":[{"href":"https:\/\/encuentroinformativo.com.mx\/index.php?rest_route=\/wp\/v2\/posts"}],"about":[{"href":"https:\/\/encuentroinformativo.com.mx\/index.php?rest_route=\/wp\/v2\/types\/post"}],"author":[{"embeddable":true,"href":"https:\/\/encuentroinformativo.com.mx\/index.php?rest_route=\/wp\/v2\/users\/1"}],"replies":[{"embeddable":true,"href":"https:\/\/encuentroinformativo.com.mx\/index.php?rest_route=%2Fwp%2Fv2%2Fcomments&post=3826"}],"version-history":[{"count":1,"href":"https:\/\/encuentroinformativo.com.mx\/index.php?rest_route=\/wp\/v2\/posts\/3826\/revisions"}],"predecessor-version":[{"id":3828,"href":"https:\/\/encuentroinformativo.com.mx\/index.php?rest_route=\/wp\/v2\/posts\/3826\/revisions\/3828"}],"wp:featuredmedia":[{"embeddable":true,"href":"https:\/\/encuentroinformativo.com.mx\/index.php?rest_route=\/wp\/v2\/media\/3827"}],"wp:attachment":[{"href":"https:\/\/encuentroinformativo.com.mx\/index.php?rest_route=%2Fwp%2Fv2%2Fmedia&parent=3826"}],"wp:term":[{"taxonomy":"category","embeddable":true,"href":"https:\/\/encuentroinformativo.com.mx\/index.php?rest_route=%2Fwp%2Fv2%2Fcategories&post=3826"},{"taxonomy":"post_tag","embeddable":true,"href":"https:\/\/encuentroinformativo.com.mx\/index.php?rest_route=%2Fwp%2Fv2%2Ftags&post=3826"}],"curies":[{"name":"wp","href":"https:\/\/api.w.org\/{rel}","templated":true}]}}