{"id":38267,"date":"2023-03-22T10:45:17","date_gmt":"2023-03-22T16:45:17","guid":{"rendered":"https:\/\/encuentroinformativo.com.mx\/?p=38267"},"modified":"2023-03-22T10:45:21","modified_gmt":"2023-03-22T16:45:21","slug":"solitario-manifestante-reclama-pago-de-pension","status":"publish","type":"post","link":"https:\/\/encuentroinformativo.com.mx\/?p=38267","title":{"rendered":"Solitario manifestante reclama pago de pensi\u00f3n"},"content":{"rendered":"\n<p><strong>Israel Garc\u00eda <\/strong><\/p>\n\n\n\n<p>Xalapa, Ver.- Albino Eugenio J\u00e1come P\u00e9rez maestro de educaci\u00f3n primaria se manifest\u00f3 en la Plaza Lerdo para pedir el apoyo del gobernador Cuitl\u00e1huac Garc\u00eda.<\/p>\n\n\n\n<p>En entrevista explic\u00f3 que padece de una enfermedad, y aunque no es jubilado solicita que agilicen los tr\u00e1mites y as\u00ed pueda cobrar su pago, dijo que lleva 9 meses esperando su dep\u00f3sito.<\/p>\n\n\n\n<p>Las cartulinas que que coloco dicen.<br>&#8220;IPE aproximadamente nueve meses en depositar mi pensi\u00f3n&#8221;, &#8220;Seguro institucional sin fecha GNP fue contratado por la secretar\u00edade educaci\u00f3n de Veracruz&#8221;, &#8220;SAR apartir de la baja, seis meses para depositar su ahorro&#8221;.<\/p>\n\n\n\n<p>Mencion\u00f3 que no recibe apoyo de los programas sociales de Bienestar por lo que demanda a las autoridades que agilicen sus pagos.<\/p>\n\n\n\n<p>El inconforme se\u00f1al\u00f3 que es originario de la comunidad de Buena Vista , perteneciente al municipio de Emiliano Zapata.<\/p>\n\n\n\n<figure class=\"wp-block-image size-large\"><img loading=\"lazy\" decoding=\"async\" width=\"1024\" height=\"768\" src=\"https:\/\/encuentroinformativo.com.mx\/wp-content\/uploads\/2023\/03\/Photo_1679503106849-1024x768.jpg\" alt=\"\" class=\"wp-image-38269\" srcset=\"https:\/\/encuentroinformativo.com.mx\/wp-content\/uploads\/2023\/03\/Photo_1679503106849-1024x768.jpg 1024w, https:\/\/encuentroinformativo.com.mx\/wp-content\/uploads\/2023\/03\/Photo_1679503106849-300x225.jpg 300w, https:\/\/encuentroinformativo.com.mx\/wp-content\/uploads\/2023\/03\/Photo_1679503106849-768x576.jpg 768w, https:\/\/encuentroinformativo.com.mx\/wp-content\/uploads\/2023\/03\/Photo_1679503106849.jpg 1040w\" sizes=\"auto, (max-width: 1024px) 100vw, 1024px\" \/><\/figure>\n","protected":false},"excerpt":{"rendered":"<p>Israel Garc\u00eda Xalapa, Ver.- Albino Eugenio J\u00e1come P\u00e9rez maestro de educaci\u00f3n primaria se manifest\u00f3 en la Plaza Lerdo para pedir el apoyo del gobernador Cuitl\u00e1huac Garc\u00eda. En entrevista explic\u00f3 que padece de una enfermedad, y aunque no es jubilado solicita que agilicen los tr\u00e1mites y as\u00ed pueda cobrar su pago, dijo que lleva 9 meses [&hellip;]<\/p>\n","protected":false},"author":2476,"featured_media":38268,"comment_status":"open","ping_status":"open","sticky":false,"template":"","format":"standard","meta":{"_jetpack_memberships_contains_paid_content":false,"footnotes":""},"categories":[3],"tags":[],"class_list":["post-38267","post","type-post","status-publish","format-standard","has-post-thumbnail","hentry","category-xalapa"],"jetpack_featured_media_url":"https:\/\/encuentroinformativo.com.mx\/wp-content\/uploads\/2023\/03\/Photo_1679503133204.jpg","jetpack_sharing_enabled":true,"jetpack_likes_enabled":true,"amp_enabled":true,"_links":{"self":[{"href":"https:\/\/encuentroinformativo.com.mx\/index.php?rest_route=\/wp\/v2\/posts\/38267","targetHints":{"allow":["GET"]}}],"collection":[{"href":"https:\/\/encuentroinformativo.com.mx\/index.php?rest_route=\/wp\/v2\/posts"}],"about":[{"href":"https:\/\/encuentroinformativo.com.mx\/index.php?rest_route=\/wp\/v2\/types\/post"}],"author":[{"embeddable":true,"href":"https:\/\/encuentroinformativo.com.mx\/index.php?rest_route=\/wp\/v2\/users\/2476"}],"replies":[{"embeddable":true,"href":"https:\/\/encuentroinformativo.com.mx\/index.php?rest_route=%2Fwp%2Fv2%2Fcomments&post=38267"}],"version-history":[{"count":1,"href":"https:\/\/encuentroinformativo.com.mx\/index.php?rest_route=\/wp\/v2\/posts\/38267\/revisions"}],"predecessor-version":[{"id":38270,"href":"https:\/\/encuentroinformativo.com.mx\/index.php?rest_route=\/wp\/v2\/posts\/38267\/revisions\/38270"}],"wp:featuredmedia":[{"embeddable":true,"href":"https:\/\/encuentroinformativo.com.mx\/index.php?rest_route=\/wp\/v2\/media\/38268"}],"wp:attachment":[{"href":"https:\/\/encuentroinformativo.com.mx\/index.php?rest_route=%2Fwp%2Fv2%2Fmedia&parent=38267"}],"wp:term":[{"taxonomy":"category","embeddable":true,"href":"https:\/\/encuentroinformativo.com.mx\/index.php?rest_route=%2Fwp%2Fv2%2Fcategories&post=38267"},{"taxonomy":"post_tag","embeddable":true,"href":"https:\/\/encuentroinformativo.com.mx\/index.php?rest_route=%2Fwp%2Fv2%2Ftags&post=38267"}],"curies":[{"name":"wp","href":"https:\/\/api.w.org\/{rel}","templated":true}]}}