{"id":38271,"date":"2023-03-22T13:23:04","date_gmt":"2023-03-22T19:23:04","guid":{"rendered":"https:\/\/encuentroinformativo.com.mx\/?p=38271"},"modified":"2023-03-22T13:23:08","modified_gmt":"2023-03-22T19:23:08","slug":"retrasan-veredicto-de-custodia-a-karen-ex-pareja-pide-casi-20-mil-pesos-de-pension-alimenticia","status":"publish","type":"post","link":"https:\/\/encuentroinformativo.com.mx\/?p=38271","title":{"rendered":"Retrasan veredicto de custodia a Karen, ex pareja pide casi 20 mil pesos de pensi\u00f3n alimenticia"},"content":{"rendered":"\n<p><strong>Alejandro \u00c1vila<\/strong><\/p>\n\n\n\n<p>Veracruz, Ver.- La joven Karen Arrieta declar\u00f3 que el veredicto de custodia de su hija Catalina ha sido retrasado por las instancias judiciales federales, aunado a ello, su expareja le pide una pensi\u00f3n alimenticia de 700 pesos diarios.<\/p>\n\n\n\n<p>Cabe recordar que el veredicto debi\u00f3 ser emitido el pasado jueves 16 de marzo; sin embargo, por situaciones a\u00fan no explicadas a la v\u00edctima el fallo ha sido retrasado.<\/p>\n\n\n\n<p>Karen Arrieta inici\u00f3 una demanda en contra de su ex pareja, pues en septiembre del 2022 la invit\u00f3 a pasar unos d\u00edas en Veracruz para que los abuelos pudieran ver a su nieta, la cual viv\u00eda con ella en Durango, este momento fue aprovechado por Mauricio C.P. y su familia para robarle a la ni\u00f1a.<\/p>\n\n\n\n<p>El caso de violencia vicaria ya se encuentra en las instancias federales, pero hasta el momento no han recibido el fallo del Juez.<\/p>\n\n\n\n<p>&#8220;Legalmente como \u00e9l tiene la ni\u00f1a con \u00e9l, y su dep\u00f3sito est\u00e1 resolvi\u00e9ndose ahorita con un amparo que est\u00e1 resolvi\u00e9ndose en lo Federal, o sea mi custodia Durango aqu\u00ed en Veracruz nadie la pela, nadie ha tomado en cuenta que yo tengo la custodia, y \u00e9l no tiene custodia \u00e9l tiene un dep\u00f3sito revocado, que se est\u00e1n amparando, que est\u00e1 atrasando el procedimiento, despu\u00e9s del amparo viene el recurso de revisi\u00f3n, que es lo que est\u00e1 viendo el juez Federal, apenas est\u00e1 viendo el amparo y luego volver a meter un recurso de revisi\u00f3n y saber a los Magistrados, o sea lo \u00fanico que \u00e9l est\u00e1 haciendo es retrasar el proceso. Pero en la parte civil donde ya se revoc\u00f3 su dep\u00f3sito, \u00e9l exige una cantidad de pensi\u00f3n alimenticia&#8221;.<\/p>\n\n\n\n<p>&#8220;Legalmente su dep\u00f3sito est\u00e1 en stand by, se revoc\u00f3 en lo civil y viene una segunda instancia que tiene que evaluar el asunto, y es lo federal, que es lo que est\u00e1 por resolverse en estos d\u00edas, se me va a dar el fallo a mi favor porque no tiene porque no darse, si se le revoc\u00f3 en lo civil es porque no hab\u00eda pruebas suficientes y consistentes para que \u00e9l pudiera seguir teniendo mi hija, pero \u00e9l atrasa atrasa, y mientras atras\u00e9 su dep\u00f3sito est\u00e1 en <em>stand by <\/em>y \u00e9l puede pedir lo que quiera, pensi\u00f3n alimenticia, porque \u00e9l tiene a mi hija y su dep\u00f3sito est\u00e1 en <em>stand by, <\/em>est\u00e1 detenido, y \u00e9l dice que su dep\u00f3sito fue primero que mi custodia, pero es mentira porque yo ten\u00eda la custodia por derecho, porque mi hija viv\u00eda en Durango y \u00e9l me da rob\u00f3, si las autoridades actuaran como es, yo ya tendr\u00eda a mi hija ahorita conmigo, pero como no la tengo \u00e9l exige&#8221;, sentenci\u00f3.<\/p>\n","protected":false},"excerpt":{"rendered":"<p>Alejandro \u00c1vila Veracruz, Ver.- La joven Karen Arrieta declar\u00f3 que el veredicto de custodia de su hija Catalina ha sido retrasado por las instancias judiciales federales, aunado a ello, su expareja le pide una pensi\u00f3n alimenticia de 700 pesos diarios. Cabe recordar que el veredicto debi\u00f3 ser emitido el pasado jueves 16 de marzo; sin [&hellip;]<\/p>\n","protected":false},"author":2476,"featured_media":38272,"comment_status":"open","ping_status":"open","sticky":false,"template":"","format":"standard","meta":{"_jetpack_memberships_contains_paid_content":false,"footnotes":""},"categories":[2],"tags":[],"class_list":["post-38271","post","type-post","status-publish","format-standard","has-post-thumbnail","hentry","category-estado"],"jetpack_featured_media_url":"https:\/\/encuentroinformativo.com.mx\/wp-content\/uploads\/2023\/03\/IMG-20230322-WA0096.jpg","jetpack_sharing_enabled":true,"jetpack_likes_enabled":true,"amp_enabled":true,"_links":{"self":[{"href":"https:\/\/encuentroinformativo.com.mx\/index.php?rest_route=\/wp\/v2\/posts\/38271","targetHints":{"allow":["GET"]}}],"collection":[{"href":"https:\/\/encuentroinformativo.com.mx\/index.php?rest_route=\/wp\/v2\/posts"}],"about":[{"href":"https:\/\/encuentroinformativo.com.mx\/index.php?rest_route=\/wp\/v2\/types\/post"}],"author":[{"embeddable":true,"href":"https:\/\/encuentroinformativo.com.mx\/index.php?rest_route=\/wp\/v2\/users\/2476"}],"replies":[{"embeddable":true,"href":"https:\/\/encuentroinformativo.com.mx\/index.php?rest_route=%2Fwp%2Fv2%2Fcomments&post=38271"}],"version-history":[{"count":1,"href":"https:\/\/encuentroinformativo.com.mx\/index.php?rest_route=\/wp\/v2\/posts\/38271\/revisions"}],"predecessor-version":[{"id":38273,"href":"https:\/\/encuentroinformativo.com.mx\/index.php?rest_route=\/wp\/v2\/posts\/38271\/revisions\/38273"}],"wp:featuredmedia":[{"embeddable":true,"href":"https:\/\/encuentroinformativo.com.mx\/index.php?rest_route=\/wp\/v2\/media\/38272"}],"wp:attachment":[{"href":"https:\/\/encuentroinformativo.com.mx\/index.php?rest_route=%2Fwp%2Fv2%2Fmedia&parent=38271"}],"wp:term":[{"taxonomy":"category","embeddable":true,"href":"https:\/\/encuentroinformativo.com.mx\/index.php?rest_route=%2Fwp%2Fv2%2Fcategories&post=38271"},{"taxonomy":"post_tag","embeddable":true,"href":"https:\/\/encuentroinformativo.com.mx\/index.php?rest_route=%2Fwp%2Fv2%2Ftags&post=38271"}],"curies":[{"name":"wp","href":"https:\/\/api.w.org\/{rel}","templated":true}]}}